{"id":86980,"date":"2022-09-09T19:42:30","date_gmt":"2022-09-09T19:42:30","guid":{"rendered":"https:\/\/sertv.gob.pa\/nacionalfm\/?p=86980"},"modified":"2022-09-09T19:42:30","modified_gmt":"2022-09-09T19:42:30","slug":"carlos-iii-renueva-el-compromiso-vitalicio-de-su-madre-con-la-monarquia-en-un-mensaje-de-dolor-y-gratitud","status":"publish","type":"post","link":"https:\/\/sertv.gob.pa\/nacionalfm\/carlos-iii-renueva-el-compromiso-vitalicio-de-su-madre-con-la-monarquia-en-un-mensaje-de-dolor-y-gratitud\/","title":{"rendered":"Carlos III renueva el compromiso vitalicio de su madre con la monarqu\u00eda en un mensaje de \u00abdolor\u00bb y \u00abgratitud\u00bb"},"content":{"rendered":"<p>Asume los \u00absacrificios\u00bb que le supondr\u00e1 ser rey y designa pr\u00edncipe de Gales a su primog\u00e9nito<\/p>\n<p><strong><em>MADRID, (EUROPA PRESS) &#8211;<\/em><\/strong><\/p>\n<p>&nbsp;<\/p>\n<p>El rey Carlos III ha destacado que su madre, Isabel II, tuvo \u00abuna vida bien vivida\u00bb y, con \u00abdolor\u00bb por la p\u00e9rdida y \u00abgratitud\u00bb por la dedicaci\u00f3n de su madre durante siete d\u00e9cadas de reinado, ha renovado el compromiso de por vida que ella asumi\u00f3 al ascender al trono.<\/p>\n<p>El nuevo monarca ha recordado a su madre como una \u00abinspiraci\u00f3n\u00bb y un \u00abejemplo\u00bb tanto para la familia como para el conjunto de la ciudadan\u00eda, en un hist\u00f3rico primer discurso a la naci\u00f3n en el que ha hablado junto a una fotograf\u00eda enmarcada de Isabel II.<\/p>\n<p>Carlos III ha enfatizado que el mundo ha cambiado en 70 a\u00f1os, desde los a\u00f1os de posguerra hasta la actualidad, pero ha abogado por mantener constantes los valores y ha apuntado que \u00ablos deberes de la monarqu\u00eda tambi\u00e9n contin\u00faan\u00bb, ahora con \u00e9l al frente.<\/p>\n<p>El nuevo rey ha asumido que tiene un cargo vitalicio &#8211;\u00abdurante el tiempo que Dios me mantenga con vida\u00bb&#8211; y por el que su vida va a cambiar radicalmente. Ha tenido palabras de afecto a su \u00abquerida\u00bb esposa, la reina consorte Camila, y le ha agradecido la lealtad: \u00abS\u00e9 que estar\u00e1 a la altura de las nuevas exigencias\u00bb.<\/p>\n<p>Tambi\u00e9n ha aludido a su hijo mayor, el pr\u00edncipe Guillermo, primero en la l\u00ednea de sucesi\u00f3n al trono, y ha confirmado formalmente el traspaso del ducado de Cornualles. El heredero ser\u00e1 tambi\u00e9n pr\u00edncipe de Gales, tal como ha decretado su padre en este discurso.<\/p>\n<p>En su mensaje, Carlos III ha aludido igualmente a la esposa de Guillermo, Catalina, y ha subrayado su \u00abamor\u00bb por su hijo peque\u00f1o, Enrique, y por su mujer, Meghan Markle.<\/p>\n<p>&nbsp;<\/p>\n<p>Fuente: EUROPA PRESS<\/p>\n","protected":false},"excerpt":{"rendered":"<p>Asume los \u00absacrificios\u00bb que le supondr\u00e1 ser rey y designa <a href=\"https:\/\/sertv.gob.pa\/nacionalfm\/carlos-iii-renueva-el-compromiso-vitalicio-de-su-madre-con-la-monarquia-en-un-mensaje-de-dolor-y-gratitud\/\"> [&#8230;]<\/a><\/p>\n","protected":false},"author":9,"featured_media":86981,"comment_status":"closed","ping_status":"closed","sticky":false,"template":"","format":"standard","meta":{"footnotes":""},"categories":[3],"tags":[],"class_list":["post-86980","post","type-post","status-publish","format-standard","has-post-thumbnail","hentry","category-internacionales"],"_links":{"self":[{"href":"https:\/\/sertv.gob.pa\/nacionalfm\/wp-json\/wp\/v2\/posts\/86980","targetHints":{"allow":["GET"]}}],"collection":[{"href":"https:\/\/sertv.gob.pa\/nacionalfm\/wp-json\/wp\/v2\/posts"}],"about":[{"href":"https:\/\/sertv.gob.pa\/nacionalfm\/wp-json\/wp\/v2\/types\/post"}],"author":[{"embeddable":true,"href":"https:\/\/sertv.gob.pa\/nacionalfm\/wp-json\/wp\/v2\/users\/9"}],"replies":[{"embeddable":true,"href":"https:\/\/sertv.gob.pa\/nacionalfm\/wp-json\/wp\/v2\/comments?post=86980"}],"version-history":[{"count":1,"href":"https:\/\/sertv.gob.pa\/nacionalfm\/wp-json\/wp\/v2\/posts\/86980\/revisions"}],"predecessor-version":[{"id":86982,"href":"https:\/\/sertv.gob.pa\/nacionalfm\/wp-json\/wp\/v2\/posts\/86980\/revisions\/86982"}],"wp:featuredmedia":[{"embeddable":true,"href":"https:\/\/sertv.gob.pa\/nacionalfm\/wp-json\/wp\/v2\/media\/86981"}],"wp:attachment":[{"href":"https:\/\/sertv.gob.pa\/nacionalfm\/wp-json\/wp\/v2\/media?parent=86980"}],"wp:term":[{"taxonomy":"category","embeddable":true,"href":"https:\/\/sertv.gob.pa\/nacionalfm\/wp-json\/wp\/v2\/categories?post=86980"},{"taxonomy":"post_tag","embeddable":true,"href":"https:\/\/sertv.gob.pa\/nacionalfm\/wp-json\/wp\/v2\/tags?post=86980"}],"curies":[{"name":"wp","href":"https:\/\/api.w.org\/{rel}","templated":true}]}}