{"id":86983,"date":"2022-09-09T20:23:50","date_gmt":"2022-09-09T20:23:50","guid":{"rendered":"https:\/\/sertv.gob.pa\/nacionalfm\/?p=86983"},"modified":"2022-09-09T20:23:50","modified_gmt":"2022-09-09T20:23:50","slug":"la-catedral-de-san-pablo-de-londres-acoge-una-misa-en-recuerdo-de-isabel-ii","status":"publish","type":"post","link":"https:\/\/sertv.gob.pa\/nacionalfm\/la-catedral-de-san-pablo-de-londres-acoge-una-misa-en-recuerdo-de-isabel-ii\/","title":{"rendered":"La catedral de San Pablo de Londres acoge una misa en recuerdo de Isabel II"},"content":{"rendered":"<p><strong><em>MADRID, (EUROPA PRESS) &#8211;<\/em><\/strong><\/p>\n<p>La catedral de San Pablo de Londres ha acogido este viernes una misa formal en recuerdo de la reina de Inglaterra Isabel II, el primer evento religioso en homenaje a la difunta monarca y que ha contado con la presencia de civiles y personalidades pol\u00edticas.<\/p>\n<p>El evento, que ha dado comienzo a las 18.00 horas (hora local), ha contado con la presencia de la primera ministra brit\u00e1nica, Liz Truss; el l\u00edder de la oposici\u00f3n, Keir Starmer; y el alcalde de Londres, Sadiq Khan, seg\u00fan recoge la BBC.<\/p>\n<p>Junto a ellos, otros cerca de 2.000 ciudadanos an\u00f3nimos, tras ser acreditados por el Centro Local de Informaci\u00f3n en los jardines de Carter Lane, han podido ingresar en la catedral londinense para rendir homenaje a la monarca.<\/p>\n<p>El inicio del acto ha estado marcado por la emisi\u00f3n del primer discurso de Carlos III como rey de Inglaterra, en sustituci\u00f3n de su madre, la reina Isabel II.<\/p>\n<p>A continuaci\u00f3n, el de\u00e1n designado, Andrew Tremlett, encargado de dirigir la misa, ha tomado la palabra para recordar a la reina por su \u00ablarga vida de servicio\u00bb al pa\u00eds y los Estados miembros de la Commonwealth.<\/p>\n<p>Por su parte, Truss, ataviada con un traje negro de luto, se ha levantado de las primeras filas de la catedral para dirigirse al altar y leer la Ep\u00edstola a los Romanos, el sexto libro del Nuevo Testamento en el que se afirma que \u00abvivamos o muramos, del Se\u00f1or somos\u00bb.<\/p>\n<p>&nbsp;<\/p>\n<p>Fuente: EUROPA PRESS<\/p>\n","protected":false},"excerpt":{"rendered":"<p>MADRID, (EUROPA PRESS) &#8211; La catedral de San Pablo de <a href=\"https:\/\/sertv.gob.pa\/nacionalfm\/la-catedral-de-san-pablo-de-londres-acoge-una-misa-en-recuerdo-de-isabel-ii\/\"> [&#8230;]<\/a><\/p>\n","protected":false},"author":9,"featured_media":86984,"comment_status":"closed","ping_status":"closed","sticky":false,"template":"","format":"standard","meta":{"footnotes":""},"categories":[3],"tags":[],"class_list":["post-86983","post","type-post","status-publish","format-standard","has-post-thumbnail","hentry","category-internacionales"],"_links":{"self":[{"href":"https:\/\/sertv.gob.pa\/nacionalfm\/wp-json\/wp\/v2\/posts\/86983","targetHints":{"allow":["GET"]}}],"collection":[{"href":"https:\/\/sertv.gob.pa\/nacionalfm\/wp-json\/wp\/v2\/posts"}],"about":[{"href":"https:\/\/sertv.gob.pa\/nacionalfm\/wp-json\/wp\/v2\/types\/post"}],"author":[{"embeddable":true,"href":"https:\/\/sertv.gob.pa\/nacionalfm\/wp-json\/wp\/v2\/users\/9"}],"replies":[{"embeddable":true,"href":"https:\/\/sertv.gob.pa\/nacionalfm\/wp-json\/wp\/v2\/comments?post=86983"}],"version-history":[{"count":1,"href":"https:\/\/sertv.gob.pa\/nacionalfm\/wp-json\/wp\/v2\/posts\/86983\/revisions"}],"predecessor-version":[{"id":86985,"href":"https:\/\/sertv.gob.pa\/nacionalfm\/wp-json\/wp\/v2\/posts\/86983\/revisions\/86985"}],"wp:featuredmedia":[{"embeddable":true,"href":"https:\/\/sertv.gob.pa\/nacionalfm\/wp-json\/wp\/v2\/media\/86984"}],"wp:attachment":[{"href":"https:\/\/sertv.gob.pa\/nacionalfm\/wp-json\/wp\/v2\/media?parent=86983"}],"wp:term":[{"taxonomy":"category","embeddable":true,"href":"https:\/\/sertv.gob.pa\/nacionalfm\/wp-json\/wp\/v2\/categories?post=86983"},{"taxonomy":"post_tag","embeddable":true,"href":"https:\/\/sertv.gob.pa\/nacionalfm\/wp-json\/wp\/v2\/tags?post=86983"}],"curies":[{"name":"wp","href":"https:\/\/api.w.org\/{rel}","templated":true}]}}