{"id":87052,"date":"2022-09-12T20:22:27","date_gmt":"2022-09-12T20:22:27","guid":{"rendered":"https:\/\/sertv.gob.pa\/nacionalfm\/?p=87052"},"modified":"2022-09-12T20:22:27","modified_gmt":"2022-09-12T20:22:27","slug":"hallados-seis-migrantes-muertos-de-hambre-y-deshidratacion-en-una-embarcacion-cerca-de-sicilia","status":"publish","type":"post","link":"https:\/\/sertv.gob.pa\/nacionalfm\/hallados-seis-migrantes-muertos-de-hambre-y-deshidratacion-en-una-embarcacion-cerca-de-sicilia\/","title":{"rendered":"Hallados seis migrantes muertos de hambre y deshidrataci\u00f3n en una embarcaci\u00f3n cerca de Sicilia"},"content":{"rendered":"<p><strong><em>MADRID, (EUROPA PRESS) &#8211;<\/em><\/strong><\/p>\n<p>&nbsp;<\/p>\n<p>Seis migrantes, incluidos tres menores de 1, 2 y 12 a\u00f1os de edad, han sido encontrados muertos por hambre y deshidrataci\u00f3n en una embarcaci\u00f3n llena de personas con graves quemaduras y lesiones que ha sido localizada cerca de las costas de Sicilia tras un largo trayecto desde Turqu\u00eda.<\/p>\n<p>El Alto Comisionado de Naciones Unidas para los Refugiados (ACNUR) ha informado del incidente despu\u00e9s de que la Guardia Costera italiana localizara la embarcaci\u00f3n y trasladara a los migrantes hasta el puesto de Pozzallo. Hay 26 supervivientes.<\/p>\n<p>\u00abSalieron de Turqu\u00eda\u00bb, ha publicado en Twitter el coordinador para el Mediterr\u00e1neo de la Organizaci\u00f3n Internacional de las Migraciones (OIM), Flavio Di Giacomo. \u00abEs inaceptable que la gente se muera de hambre y sed en el mar\u00bb, ha a\u00f1adido, al tiempo que ha abogado por \u00abun sistema de patrulla que salve a las personas a tiempo\u00bb.<\/p>\n<p>ACNUR ha recordado por su parte que son v\u00edctimas de \u00abun viaje desesperado por mar en busca de seguridad en Europa\u00bb. \u00abACNUR est\u00e1 presente en el desembarco y est\u00e1 trabajando con organizaciones no gubernamentales para garantizar la asistencia necesaria a los supervivientes\u00bb, ha a\u00f1adido.<\/p>\n<p>Adem\u00e1s, la agencia de la ONU para los refugiados ha defendido la necesidad de \u00abun mecanismo de b\u00fasqueda y rescate oportuno y eficiente\u00bb. \u00abEl rescate en el mar es un imperativo humanitario firmemente arraigado en el derecho internacional\u00bb, ha subrayado la representante de ACNUR en Italia, Chiara Cardoletti.<\/p>\n<p>La muerte este fin de semana de una ni\u00f1a siria de 4 a\u00f1os por deshidrataci\u00f3n ha conmocionado a Italia porque falleci\u00f3 tras d\u00edas en el mar sin que se recibieran las llamadas de auxilio de su embarcaci\u00f3n.<\/p>\n<p>Este a\u00f1o han muerto al menos 1.033 migrantes intentando cruzar el Mediterr\u00e1neo, seg\u00fan las estimaciones de la ONU.<\/p>\n<p>&nbsp;<\/p>\n<p>Fuente: EUROPA PRESS<\/p>\n<p>&nbsp;<\/p>\n","protected":false},"excerpt":{"rendered":"<p>MADRID, (EUROPA PRESS) &#8211; &nbsp; Seis migrantes, incluidos tres menores <a href=\"https:\/\/sertv.gob.pa\/nacionalfm\/hallados-seis-migrantes-muertos-de-hambre-y-deshidratacion-en-una-embarcacion-cerca-de-sicilia\/\"> [&#8230;]<\/a><\/p>\n","protected":false},"author":9,"featured_media":87053,"comment_status":"closed","ping_status":"closed","sticky":false,"template":"","format":"standard","meta":{"footnotes":""},"categories":[3],"tags":[],"class_list":["post-87052","post","type-post","status-publish","format-standard","has-post-thumbnail","hentry","category-internacionales"],"_links":{"self":[{"href":"https:\/\/sertv.gob.pa\/nacionalfm\/wp-json\/wp\/v2\/posts\/87052","targetHints":{"allow":["GET"]}}],"collection":[{"href":"https:\/\/sertv.gob.pa\/nacionalfm\/wp-json\/wp\/v2\/posts"}],"about":[{"href":"https:\/\/sertv.gob.pa\/nacionalfm\/wp-json\/wp\/v2\/types\/post"}],"author":[{"embeddable":true,"href":"https:\/\/sertv.gob.pa\/nacionalfm\/wp-json\/wp\/v2\/users\/9"}],"replies":[{"embeddable":true,"href":"https:\/\/sertv.gob.pa\/nacionalfm\/wp-json\/wp\/v2\/comments?post=87052"}],"version-history":[{"count":1,"href":"https:\/\/sertv.gob.pa\/nacionalfm\/wp-json\/wp\/v2\/posts\/87052\/revisions"}],"predecessor-version":[{"id":87054,"href":"https:\/\/sertv.gob.pa\/nacionalfm\/wp-json\/wp\/v2\/posts\/87052\/revisions\/87054"}],"wp:featuredmedia":[{"embeddable":true,"href":"https:\/\/sertv.gob.pa\/nacionalfm\/wp-json\/wp\/v2\/media\/87053"}],"wp:attachment":[{"href":"https:\/\/sertv.gob.pa\/nacionalfm\/wp-json\/wp\/v2\/media?parent=87052"}],"wp:term":[{"taxonomy":"category","embeddable":true,"href":"https:\/\/sertv.gob.pa\/nacionalfm\/wp-json\/wp\/v2\/categories?post=87052"},{"taxonomy":"post_tag","embeddable":true,"href":"https:\/\/sertv.gob.pa\/nacionalfm\/wp-json\/wp\/v2\/tags?post=87052"}],"curies":[{"name":"wp","href":"https:\/\/api.w.org\/{rel}","templated":true}]}}