{"id":8707,"date":"2015-11-12T18:45:13","date_gmt":"2015-11-12T18:45:13","guid":{"rendered":""},"modified":"2015-11-12T18:45:13","modified_gmt":"2015-11-12T18:45:13","slug":"test-sanguineo-detecta-cancer-de-pancreas-en-su-fase-temprana","status":"publish","type":"post","link":"https:\/\/sertv.gob.pa\/nacionalfm\/test-sanguineo-detecta-cancer-de-pancreas-en-su-fase-temprana\/","title":{"rendered":"Test sangu\u00edneo detecta c\u00e1ncer de p\u00e1ncreas en su fase temprana"},"content":{"rendered":"<p>\nUn centro de salud japon\u00e9s empezar\u00e1 a efectuar \u00a0pruebas cl\u00ednicas de un test sangu\u00edneo que podr\u00eda servir para detectar en su fase temprana el c\u00e1ncer de p\u00e1ncreas, uno de los que m\u00e1s se tarda en diagnosticar. <\/p>\n<p>Las pruebas iniciar\u00e1n este mes en un centro de la prefectura de Hyogo (oeste de Jap\u00f3n), detall\u00f3 ayer el diario nip\u00f3n Asahi. Este kit de muestreo ha sido desarrollado desde 2005 por un equipo del Instituto Nacional de Investigaci\u00f3n Oncol\u00f3gica, dependiente del Gobierno nip\u00f3n, liderado por el profesor Kazufumi Honda. <\/p>\n<p>Adem\u00e1s de identificar biomarcadores relacionados con la aparici\u00f3n de tumores en este \u00f3rgano glandular, la prueba permite cuantificar el proteoma (el conjunto total de prote\u00ednas que contiene una c\u00e9lula) sangu\u00edneo del paciente. <\/p>\n<p>Las pruebas efectuadas \u00a0hasta ahora por el equipo han tenido \u00e9xito a la hora de detectar los patrones que muestra el proteoma sangu\u00edneo de un sujeto con c\u00e1ncer pancre\u00e1tico, diferentes a los del paciente sano. <\/p>\n<p>Detectar el c\u00e1ncer de p\u00e1ncreas de manera temprana es muy dif\u00edcil mediante ex\u00e1menes rutinarios, ya que el \u00f3rgano se encuentra en una regi\u00f3n profunda del cuerpo y palpar o visualizar el tumor en sus primeros estadios resulta pr\u00e1cticamente imposible. <\/p>\n<p>De la misma forma, por s\u00ed sola la detecci\u00f3n en sangre de biomarcadores asociados al c\u00e1ncer de p\u00e1ncreas no indica necesariamente la presencia de un tumor. <\/p>\n<p>Esto hace que el c\u00e1ncer pancre\u00e1tico presente una de las tasas de supervivencia m\u00e1s bajas, ya que en torno a un 85% de los pacientes diagnosticados presenta un estado demasiado avanzado como para poder someterse a cirug\u00eda. <\/p>\n<p>De este modo, si las pruebas cl\u00ednicas confirman los buenos resultados obtenidos hasta ahora este test nip\u00f3n podr\u00eda contribuir a mejorar enormemente esta estad\u00edstica <\/p>\n<p>\u00a0 <\/p>\n","protected":false},"excerpt":{"rendered":"<p>Un centro de salud japon\u00e9s empezar\u00e1 a efectuar \u00a0pruebas cl\u00ednicas <a href=\"https:\/\/sertv.gob.pa\/nacionalfm\/test-sanguineo-detecta-cancer-de-pancreas-en-su-fase-temprana\/\"> [&#8230;]<\/a><\/p>\n","protected":false},"author":1,"featured_media":8708,"comment_status":"closed","ping_status":"closed","sticky":false,"template":"","format":"standard","meta":{"footnotes":""},"categories":[5],"tags":[],"class_list":["post-8707","post","type-post","status-publish","format-standard","has-post-thumbnail","hentry","category-salud"],"_links":{"self":[{"href":"https:\/\/sertv.gob.pa\/nacionalfm\/wp-json\/wp\/v2\/posts\/8707","targetHints":{"allow":["GET"]}}],"collection":[{"href":"https:\/\/sertv.gob.pa\/nacionalfm\/wp-json\/wp\/v2\/posts"}],"about":[{"href":"https:\/\/sertv.gob.pa\/nacionalfm\/wp-json\/wp\/v2\/types\/post"}],"author":[{"embeddable":true,"href":"https:\/\/sertv.gob.pa\/nacionalfm\/wp-json\/wp\/v2\/users\/1"}],"replies":[{"embeddable":true,"href":"https:\/\/sertv.gob.pa\/nacionalfm\/wp-json\/wp\/v2\/comments?post=8707"}],"version-history":[{"count":0,"href":"https:\/\/sertv.gob.pa\/nacionalfm\/wp-json\/wp\/v2\/posts\/8707\/revisions"}],"wp:featuredmedia":[{"embeddable":true,"href":"https:\/\/sertv.gob.pa\/nacionalfm\/wp-json\/wp\/v2\/media\/8708"}],"wp:attachment":[{"href":"https:\/\/sertv.gob.pa\/nacionalfm\/wp-json\/wp\/v2\/media?parent=8707"}],"wp:term":[{"taxonomy":"category","embeddable":true,"href":"https:\/\/sertv.gob.pa\/nacionalfm\/wp-json\/wp\/v2\/categories?post=8707"},{"taxonomy":"post_tag","embeddable":true,"href":"https:\/\/sertv.gob.pa\/nacionalfm\/wp-json\/wp\/v2\/tags?post=8707"}],"curies":[{"name":"wp","href":"https:\/\/api.w.org\/{rel}","templated":true}]}}