{"id":8709,"date":"2015-11-12T18:57:27","date_gmt":"2015-11-12T18:57:27","guid":{"rendered":""},"modified":"2015-11-12T18:57:27","modified_gmt":"2015-11-12T18:57:27","slug":"dia-mundial-de-la-neumonia","status":"publish","type":"post","link":"https:\/\/sertv.gob.pa\/nacionalfm\/dia-mundial-de-la-neumonia\/","title":{"rendered":"D\u00eda Mundial de la neumon\u00eda"},"content":{"rendered":"<p>\nSeg\u00fan estimados de la Organizaci\u00f3n Mundial de la Salud (OMS), la neumon\u00eda es la principal causa de muerte infecciosa en ni\u00f1os a nivel mundial. <\/p>\n<p>Esta infecci\u00f3n de las v\u00edas respiratorias inferiores es responsable por el 15 % de todas las defunciones de menores de 5 a\u00f1os, destaca la organizaci\u00f3n. <\/p>\n<p>Adem\u00e1s, en un reporte de las 10 causas principales de defunci\u00f3n en el mundo, entre 2000 y 2012, la OMS list\u00f3 a las infecciones de v\u00edas respiratorias inferiores como la cuarta causa de muerte a nivel global. <\/p>\n<p>En vista de la gravedad de esta enfermedad, y por motivo del D\u00eda Mundial de la Neumon\u00eda que se celebra cada 12 de noviembre, m\u00e1s de 30 innovaciones de alrededor del mundo se presentar\u00e1n hoy en la primera Cumbre de Innovaciones para la Neumon\u00eda, que se realizar\u00e1 en la ciudad de Nueva York. <\/p>\n<p>\u00a0 <\/p>\n","protected":false},"excerpt":{"rendered":"<p>Seg\u00fan estimados de la Organizaci\u00f3n Mundial de la Salud (OMS), <a href=\"https:\/\/sertv.gob.pa\/nacionalfm\/dia-mundial-de-la-neumonia\/\"> [&#8230;]<\/a><\/p>\n","protected":false},"author":1,"featured_media":8710,"comment_status":"closed","ping_status":"closed","sticky":false,"template":"","format":"standard","meta":{"footnotes":""},"categories":[5],"tags":[],"class_list":["post-8709","post","type-post","status-publish","format-standard","has-post-thumbnail","hentry","category-salud"],"_links":{"self":[{"href":"https:\/\/sertv.gob.pa\/nacionalfm\/wp-json\/wp\/v2\/posts\/8709","targetHints":{"allow":["GET"]}}],"collection":[{"href":"https:\/\/sertv.gob.pa\/nacionalfm\/wp-json\/wp\/v2\/posts"}],"about":[{"href":"https:\/\/sertv.gob.pa\/nacionalfm\/wp-json\/wp\/v2\/types\/post"}],"author":[{"embeddable":true,"href":"https:\/\/sertv.gob.pa\/nacionalfm\/wp-json\/wp\/v2\/users\/1"}],"replies":[{"embeddable":true,"href":"https:\/\/sertv.gob.pa\/nacionalfm\/wp-json\/wp\/v2\/comments?post=8709"}],"version-history":[{"count":0,"href":"https:\/\/sertv.gob.pa\/nacionalfm\/wp-json\/wp\/v2\/posts\/8709\/revisions"}],"wp:featuredmedia":[{"embeddable":true,"href":"https:\/\/sertv.gob.pa\/nacionalfm\/wp-json\/wp\/v2\/media\/8710"}],"wp:attachment":[{"href":"https:\/\/sertv.gob.pa\/nacionalfm\/wp-json\/wp\/v2\/media?parent=8709"}],"wp:term":[{"taxonomy":"category","embeddable":true,"href":"https:\/\/sertv.gob.pa\/nacionalfm\/wp-json\/wp\/v2\/categories?post=8709"},{"taxonomy":"post_tag","embeddable":true,"href":"https:\/\/sertv.gob.pa\/nacionalfm\/wp-json\/wp\/v2\/tags?post=8709"}],"curies":[{"name":"wp","href":"https:\/\/api.w.org\/{rel}","templated":true}]}}