{"id":87093,"date":"2022-09-13T18:48:22","date_gmt":"2022-09-13T18:48:22","guid":{"rendered":"https:\/\/sertv.gob.pa\/nacionalfm\/?p=87093"},"modified":"2022-09-13T18:53:15","modified_gmt":"2022-09-13T18:53:15","slug":"la-ue-destino-47-000-millones-de-euros-a-ayudar-a-otras-regiones-a-luchar-contra-el-coronavirus","status":"publish","type":"post","link":"https:\/\/sertv.gob.pa\/nacionalfm\/la-ue-destino-47-000-millones-de-euros-a-ayudar-a-otras-regiones-a-luchar-contra-el-coronavirus\/","title":{"rendered":"La UE destin\u00f3 47.000 millones de euros a ayudar a otras regiones a luchar contra el coronavirus"},"content":{"rendered":"<p><strong><em>BRUSELAS, (EUROPA PRESS) &#8211;<\/em><\/strong><\/p>\n<p>&nbsp;<\/p>\n<p>La Uni\u00f3n Europea ha desembolsado desde el inicio de la pandemia unos 47.700 millones de euros para ayudar a pa\u00edses de otras regiones m\u00e1s vulnerables a hacer frente al coronavirus y mitigar el impacto de esta crisis, en especial las consecuencias sociales y econ\u00f3micas.<\/p>\n<p>En total, m\u00e1s de 140 pa\u00edses han recibido fondos de los Estados miembro o de las instituciones financieras europeas, seg\u00fan ha indicado la Comisi\u00f3n Europea en un comunicado con el que recuerda tambi\u00e9n que el compromiso inicial era de 20.000 millones en el primer a\u00f1o de pandemia.<\/p>\n<p>En total, el bloque ha comprometido un total de 53.700 millones de euros de los que se han desbloqueado al menos 47.700 millones, incluidos 3.000 millones para la respuesta humanitaria de emergencia y 10.600 para fortalecer los sistemas sanitarios y de suministro de agua y saneamiento en otras regiones.<\/p>\n<p>En concreto, la mayor partida tuvo por objetivo los pa\u00edses de la Vecindad a donde fueron a parar 15.600 millones de euros, seguida del \u00c1frica subsahariano, con 8.300 millones y los Balcanes occidentales y Turqu\u00eda que se repartieron 6.800 millones.<\/p>\n<p>Tambi\u00e9n recibieron apoyo pa\u00edses de Asia y Pac\u00edfico por valor de 4.000 millones de euros, Am\u00e9rica Latina y Caribe, con 2.500 millones desembolsados de un total de 3.200 comprometidos y los pa\u00edses de \u00c1frica, Caribe y Pac\u00edfico (ACP), con 539 millones de euros de un total de 743 millones de euros previstos.<\/p>\n<p>Los territorios de ultramar y Groenlandia recibieron 579 millones de euros y hay otros 8.600 millones de euros ya pagados del total de 9.700 millones previstos para programas mundiales.<\/p>\n<p><strong>\u00a0<\/strong><\/p>\n<p>Fuente: EUROPA PRESS<\/p>\n<p>&nbsp;<\/p>\n","protected":false},"excerpt":{"rendered":"<p>BRUSELAS, (EUROPA PRESS) &#8211; &nbsp; La Uni\u00f3n Europea ha desembolsado <a href=\"https:\/\/sertv.gob.pa\/nacionalfm\/la-ue-destino-47-000-millones-de-euros-a-ayudar-a-otras-regiones-a-luchar-contra-el-coronavirus\/\"> [&#8230;]<\/a><\/p>\n","protected":false},"author":9,"featured_media":87094,"comment_status":"closed","ping_status":"closed","sticky":false,"template":"","format":"standard","meta":{"footnotes":""},"categories":[3],"tags":[],"class_list":["post-87093","post","type-post","status-publish","format-standard","has-post-thumbnail","hentry","category-internacionales"],"_links":{"self":[{"href":"https:\/\/sertv.gob.pa\/nacionalfm\/wp-json\/wp\/v2\/posts\/87093","targetHints":{"allow":["GET"]}}],"collection":[{"href":"https:\/\/sertv.gob.pa\/nacionalfm\/wp-json\/wp\/v2\/posts"}],"about":[{"href":"https:\/\/sertv.gob.pa\/nacionalfm\/wp-json\/wp\/v2\/types\/post"}],"author":[{"embeddable":true,"href":"https:\/\/sertv.gob.pa\/nacionalfm\/wp-json\/wp\/v2\/users\/9"}],"replies":[{"embeddable":true,"href":"https:\/\/sertv.gob.pa\/nacionalfm\/wp-json\/wp\/v2\/comments?post=87093"}],"version-history":[{"count":3,"href":"https:\/\/sertv.gob.pa\/nacionalfm\/wp-json\/wp\/v2\/posts\/87093\/revisions"}],"predecessor-version":[{"id":87097,"href":"https:\/\/sertv.gob.pa\/nacionalfm\/wp-json\/wp\/v2\/posts\/87093\/revisions\/87097"}],"wp:featuredmedia":[{"embeddable":true,"href":"https:\/\/sertv.gob.pa\/nacionalfm\/wp-json\/wp\/v2\/media\/87094"}],"wp:attachment":[{"href":"https:\/\/sertv.gob.pa\/nacionalfm\/wp-json\/wp\/v2\/media?parent=87093"}],"wp:term":[{"taxonomy":"category","embeddable":true,"href":"https:\/\/sertv.gob.pa\/nacionalfm\/wp-json\/wp\/v2\/categories?post=87093"},{"taxonomy":"post_tag","embeddable":true,"href":"https:\/\/sertv.gob.pa\/nacionalfm\/wp-json\/wp\/v2\/tags?post=87093"}],"curies":[{"name":"wp","href":"https:\/\/api.w.org\/{rel}","templated":true}]}}