{"id":87098,"date":"2022-09-13T19:05:33","date_gmt":"2022-09-13T19:05:33","guid":{"rendered":"https:\/\/sertv.gob.pa\/nacionalfm\/?p=87098"},"modified":"2022-09-13T19:05:33","modified_gmt":"2022-09-13T19:05:33","slug":"mexico-recibe-a-mas-de-270-medicos-cubanos-de-los-600-que-lopez-obrador-se-comprometio-a-contratar","status":"publish","type":"post","link":"https:\/\/sertv.gob.pa\/nacionalfm\/mexico-recibe-a-mas-de-270-medicos-cubanos-de-los-600-que-lopez-obrador-se-comprometio-a-contratar\/","title":{"rendered":"M\u00e9xico recibe a m\u00e1s de 270 m\u00e9dicos cubanos de los 600 que L\u00f3pez Obrador se comprometi\u00f3 a contratar"},"content":{"rendered":"<p><strong><em>\u00a0<\/em><\/strong><\/p>\n<p><strong><em>MADRID, (EUROPA PRESS) &#8211;<\/em><\/strong><\/p>\n<p>&nbsp;<\/p>\n<p>Un total de 277 m\u00e9dicos cubanos ya han llegado a M\u00e9xico para prestar sus servicios en el pa\u00eds norteamericano en el marco del acuerdo anunciado por el presidente mexicano, Andr\u00e9s Manuel L\u00f3pez Obrador, para la contrataci\u00f3n de 600 m\u00e9dicos especialistas de la isla.<\/p>\n<p>Seg\u00fan ha informado el titular del Instituto Mexicano del Seguro Social, Zo\u00e9 Robledo, los otros 333 sanitarios restantes llegar\u00e1n a M\u00e9xico a lo largo de septiembre y ser\u00e1n enviados a los estados de Guerrero, Oaxaca y Veracruz.<\/p>\n<p>De acuerdo con Robledo, estos tres territorios son los que cuentan con mayores niveles tanto de pobreza como de comunidades de poblaci\u00f3n ind\u00edgena en todo el pa\u00eds, seg\u00fan informa el diario mexicano &#8216;La Jornada&#8217;.<\/p>\n<p>\u00abLa falta de especialistas en M\u00e9xico ha tenido graves consecuencias\u00bb, ha se\u00f1alado Robledo, quien ha aseverado que \u00abun hospital que no cuenta con especialistas que puedan realizar cirug\u00edas, consultas, partos, ces\u00e1reas, se convierte en un edificio que no mejora la salud de las personas\u00bb.<\/p>\n<p>Las autoridades mexicanas alcanzaron un acuerdo con Cuba para reclutar m\u00e9dicos especialistas de la isla con el fin de satisfacer las necesidades sanitarias con las que cuenta M\u00e9xico, una medida que la oposici\u00f3n mexicana ha criticado con dureza.<\/p>\n<p><strong>\u00a0<\/strong><\/p>\n<p>Fuente: EUROPA PRESS<\/p>\n","protected":false},"excerpt":{"rendered":"<p>\u00a0 MADRID, (EUROPA PRESS) &#8211; &nbsp; Un total de 277 <a href=\"https:\/\/sertv.gob.pa\/nacionalfm\/mexico-recibe-a-mas-de-270-medicos-cubanos-de-los-600-que-lopez-obrador-se-comprometio-a-contratar\/\"> [&#8230;]<\/a><\/p>\n","protected":false},"author":9,"featured_media":87099,"comment_status":"closed","ping_status":"closed","sticky":false,"template":"","format":"standard","meta":{"footnotes":""},"categories":[3],"tags":[],"class_list":["post-87098","post","type-post","status-publish","format-standard","has-post-thumbnail","hentry","category-internacionales"],"_links":{"self":[{"href":"https:\/\/sertv.gob.pa\/nacionalfm\/wp-json\/wp\/v2\/posts\/87098","targetHints":{"allow":["GET"]}}],"collection":[{"href":"https:\/\/sertv.gob.pa\/nacionalfm\/wp-json\/wp\/v2\/posts"}],"about":[{"href":"https:\/\/sertv.gob.pa\/nacionalfm\/wp-json\/wp\/v2\/types\/post"}],"author":[{"embeddable":true,"href":"https:\/\/sertv.gob.pa\/nacionalfm\/wp-json\/wp\/v2\/users\/9"}],"replies":[{"embeddable":true,"href":"https:\/\/sertv.gob.pa\/nacionalfm\/wp-json\/wp\/v2\/comments?post=87098"}],"version-history":[{"count":1,"href":"https:\/\/sertv.gob.pa\/nacionalfm\/wp-json\/wp\/v2\/posts\/87098\/revisions"}],"predecessor-version":[{"id":87100,"href":"https:\/\/sertv.gob.pa\/nacionalfm\/wp-json\/wp\/v2\/posts\/87098\/revisions\/87100"}],"wp:featuredmedia":[{"embeddable":true,"href":"https:\/\/sertv.gob.pa\/nacionalfm\/wp-json\/wp\/v2\/media\/87099"}],"wp:attachment":[{"href":"https:\/\/sertv.gob.pa\/nacionalfm\/wp-json\/wp\/v2\/media?parent=87098"}],"wp:term":[{"taxonomy":"category","embeddable":true,"href":"https:\/\/sertv.gob.pa\/nacionalfm\/wp-json\/wp\/v2\/categories?post=87098"},{"taxonomy":"post_tag","embeddable":true,"href":"https:\/\/sertv.gob.pa\/nacionalfm\/wp-json\/wp\/v2\/tags?post=87098"}],"curies":[{"name":"wp","href":"https:\/\/api.w.org\/{rel}","templated":true}]}}