{"id":87174,"date":"2022-09-14T20:23:54","date_gmt":"2022-09-14T20:23:54","guid":{"rendered":"https:\/\/sertv.gob.pa\/nacionalfm\/?p=87174"},"modified":"2022-09-14T20:23:54","modified_gmt":"2022-09-14T20:23:54","slug":"al-menos-un-muerto-y-cinco-heridos-en-un-motin-en-una-carcel-de-paraguay","status":"publish","type":"post","link":"https:\/\/sertv.gob.pa\/nacionalfm\/al-menos-un-muerto-y-cinco-heridos-en-un-motin-en-una-carcel-de-paraguay\/","title":{"rendered":"Al menos un muerto y cinco heridos en un mot\u00edn en una c\u00e1rcel de Paraguay"},"content":{"rendered":"<p><strong><em>MADRID, (EUROPA PRESS) &#8211;<\/em><\/strong><\/p>\n<p>&nbsp;<\/p>\n<p>Al menos una persona ha muerto y otras cinco han resultado heridas este mi\u00e9rcoles en el marco de un mot\u00edn registrado en una c\u00e1rcel de la ciudad de Concepci\u00f3n, en Paraguay.<\/p>\n<p>Entre los heridos se encuentran dos presos y tres guardias de prisi\u00f3n, mientras que el fallecido es un reo, seg\u00fan informaciones de la emisora de radio Monumental. El viceministro de pol\u00edtica criminal, Daniel Ben\u00edtez, ha se\u00f1alado que el objetivo del mot\u00edn era liberar a dos conocidos sicarios.<\/p>\n<p>As\u00ed, ha informado de que varios agentes han sido tomados como reh\u00e9n y ha alertado de que un grupo de presos ha despojado de sus armas a algunos de los guardias. No obstante, no se ha registrado fuga alguna del centro penitenciario.<\/p>\n<p>Fuentes cercanas al asunto han indicado en declaraciones al diario &#8216;\u00daltima Hora&#8217; que el fallecido ha sido identificado como Alexander Cabrera Fern\u00e1ndez, de 25 a\u00f1os y con antecedentes de hurto agravado.<\/p>\n<p>El Ministerio de Justicia ha abierto una investigaci\u00f3n interna al respecto con apoyo del Ministerio P\u00fablico, que ha pedido acceder a la c\u00e1rcel para identificar a los responsables.<\/p>\n<p>Si bien se desconoce el motivo del amotinamiento, se baraja la posibilidad de que se hayan utilizado armas introducidas de forma ilegal en la c\u00e1rcel.<\/p>\n<p>&nbsp;<\/p>\n<p>Fuente: EUROPA PRESS<\/p>\n","protected":false},"excerpt":{"rendered":"<p>MADRID, (EUROPA PRESS) &#8211; &nbsp; Al menos una persona ha <a href=\"https:\/\/sertv.gob.pa\/nacionalfm\/al-menos-un-muerto-y-cinco-heridos-en-un-motin-en-una-carcel-de-paraguay\/\"> [&#8230;]<\/a><\/p>\n","protected":false},"author":9,"featured_media":87175,"comment_status":"closed","ping_status":"closed","sticky":false,"template":"","format":"standard","meta":{"footnotes":""},"categories":[3],"tags":[],"class_list":["post-87174","post","type-post","status-publish","format-standard","has-post-thumbnail","hentry","category-internacionales"],"_links":{"self":[{"href":"https:\/\/sertv.gob.pa\/nacionalfm\/wp-json\/wp\/v2\/posts\/87174","targetHints":{"allow":["GET"]}}],"collection":[{"href":"https:\/\/sertv.gob.pa\/nacionalfm\/wp-json\/wp\/v2\/posts"}],"about":[{"href":"https:\/\/sertv.gob.pa\/nacionalfm\/wp-json\/wp\/v2\/types\/post"}],"author":[{"embeddable":true,"href":"https:\/\/sertv.gob.pa\/nacionalfm\/wp-json\/wp\/v2\/users\/9"}],"replies":[{"embeddable":true,"href":"https:\/\/sertv.gob.pa\/nacionalfm\/wp-json\/wp\/v2\/comments?post=87174"}],"version-history":[{"count":1,"href":"https:\/\/sertv.gob.pa\/nacionalfm\/wp-json\/wp\/v2\/posts\/87174\/revisions"}],"predecessor-version":[{"id":87176,"href":"https:\/\/sertv.gob.pa\/nacionalfm\/wp-json\/wp\/v2\/posts\/87174\/revisions\/87176"}],"wp:featuredmedia":[{"embeddable":true,"href":"https:\/\/sertv.gob.pa\/nacionalfm\/wp-json\/wp\/v2\/media\/87175"}],"wp:attachment":[{"href":"https:\/\/sertv.gob.pa\/nacionalfm\/wp-json\/wp\/v2\/media?parent=87174"}],"wp:term":[{"taxonomy":"category","embeddable":true,"href":"https:\/\/sertv.gob.pa\/nacionalfm\/wp-json\/wp\/v2\/categories?post=87174"},{"taxonomy":"post_tag","embeddable":true,"href":"https:\/\/sertv.gob.pa\/nacionalfm\/wp-json\/wp\/v2\/tags?post=87174"}],"curies":[{"name":"wp","href":"https:\/\/api.w.org\/{rel}","templated":true}]}}