{"id":87222,"date":"2022-09-15T19:50:08","date_gmt":"2022-09-15T19:50:08","guid":{"rendered":"https:\/\/sertv.gob.pa\/nacionalfm\/?p=87222"},"modified":"2022-09-15T19:50:08","modified_gmt":"2022-09-15T19:50:08","slug":"al-menos-nueve-muertos-por-una-estampida-tras-un-concierto-en-guatemala","status":"publish","type":"post","link":"https:\/\/sertv.gob.pa\/nacionalfm\/al-menos-nueve-muertos-por-una-estampida-tras-un-concierto-en-guatemala\/","title":{"rendered":"Al menos nueve muertos por una estampida tras un concierto en Guatemala"},"content":{"rendered":"<p><strong><em>MADRID, (EUROPA PRESS) &#8211;<\/em><\/strong><\/p>\n<p>&nbsp;<\/p>\n<p>Al menos nueve personas han muerto y otras 20 han resultado heridas debido a una \u00abestampida humana\u00bb que se produjo al t\u00e9rmino de un concierto en la localidad guatemalteca de Quetzaltenango, conocida popularmente como Xela y situada en el suroeste del pa\u00eds.<\/p>\n<p>Bomberos Voluntarios ha explicado en Twitter que el incidente se produjo en una zona de fiestas y ha confirmado que entre los heridos hay personas \u00abcon golpes y posibles fracturas\u00bb. Todos ellos han sido trasladados al Hospital Regional de Occidente.<\/p>\n<p>Los Bomberos han compartido en sus redes sociales im\u00e1genes que muestran el despliegue en la zona de los servicios de emergencia, sin que se tenga constancia inmediatamente de m\u00e1s detalles, como los motivos que habr\u00edan provocado la aglomeraci\u00f3n.<\/p>\n<p>Guatemala comenz\u00f3 el mi\u00e9rcoles los actos de celebraci\u00f3n con motivo del D\u00eda de la Independencia, que se conmemora este jueves.<\/p>\n<p>&nbsp;<\/p>\n<p>Fuente: EUROPA PRESS<\/p>\n<p>&nbsp;<\/p>\n","protected":false},"excerpt":{"rendered":"<p>MADRID, (EUROPA PRESS) &#8211; &nbsp; Al menos nueve personas han <a href=\"https:\/\/sertv.gob.pa\/nacionalfm\/al-menos-nueve-muertos-por-una-estampida-tras-un-concierto-en-guatemala\/\"> [&#8230;]<\/a><\/p>\n","protected":false},"author":9,"featured_media":87223,"comment_status":"closed","ping_status":"closed","sticky":false,"template":"","format":"standard","meta":{"footnotes":""},"categories":[3],"tags":[],"class_list":["post-87222","post","type-post","status-publish","format-standard","has-post-thumbnail","hentry","category-internacionales"],"_links":{"self":[{"href":"https:\/\/sertv.gob.pa\/nacionalfm\/wp-json\/wp\/v2\/posts\/87222","targetHints":{"allow":["GET"]}}],"collection":[{"href":"https:\/\/sertv.gob.pa\/nacionalfm\/wp-json\/wp\/v2\/posts"}],"about":[{"href":"https:\/\/sertv.gob.pa\/nacionalfm\/wp-json\/wp\/v2\/types\/post"}],"author":[{"embeddable":true,"href":"https:\/\/sertv.gob.pa\/nacionalfm\/wp-json\/wp\/v2\/users\/9"}],"replies":[{"embeddable":true,"href":"https:\/\/sertv.gob.pa\/nacionalfm\/wp-json\/wp\/v2\/comments?post=87222"}],"version-history":[{"count":1,"href":"https:\/\/sertv.gob.pa\/nacionalfm\/wp-json\/wp\/v2\/posts\/87222\/revisions"}],"predecessor-version":[{"id":87227,"href":"https:\/\/sertv.gob.pa\/nacionalfm\/wp-json\/wp\/v2\/posts\/87222\/revisions\/87227"}],"wp:featuredmedia":[{"embeddable":true,"href":"https:\/\/sertv.gob.pa\/nacionalfm\/wp-json\/wp\/v2\/media\/87223"}],"wp:attachment":[{"href":"https:\/\/sertv.gob.pa\/nacionalfm\/wp-json\/wp\/v2\/media?parent=87222"}],"wp:term":[{"taxonomy":"category","embeddable":true,"href":"https:\/\/sertv.gob.pa\/nacionalfm\/wp-json\/wp\/v2\/categories?post=87222"},{"taxonomy":"post_tag","embeddable":true,"href":"https:\/\/sertv.gob.pa\/nacionalfm\/wp-json\/wp\/v2\/tags?post=87222"}],"curies":[{"name":"wp","href":"https:\/\/api.w.org\/{rel}","templated":true}]}}