{"id":8723,"date":"2015-11-13T16:18:12","date_gmt":"2015-11-13T16:18:12","guid":{"rendered":""},"modified":"2015-11-13T16:18:12","modified_gmt":"2015-11-13T16:18:12","slug":"vacuna-para-disminuir-el-colesterol","status":"publish","type":"post","link":"https:\/\/sertv.gob.pa\/nacionalfm\/vacuna-para-disminuir-el-colesterol\/","title":{"rendered":"Vacuna para disminuir el colesterol"},"content":{"rendered":"<p>\nEn un nuevo estudio, publicado en la revista Vaccine, \u00a0investigadores revelaron una nueva vacuna que han desarrollado para el tratamiento de los altos niveles de colesterol &lsquo;malo&#8217; o LDL. <\/p>\n<p>Este fue un trabajo en equipo entre cient\u00edficos de la Universidad de Nuevo M\u00e9xico (UNM) y los Institutos Nacionales de Salud (NIH) en Estados Unidos. <\/p>\n<p>Seg\u00fan uno de los autores del estudio, el Dr. Bryce Chackerian, del Departamento de Gen\u00e9tica Molecular y Microbiolog\u00eda de UNM, la nueva vacuna logr\u00f3 bajar significativamente los niveles de colesterol LDL en monos y ratones. <\/p>\n<p>Los investigadores a\u00f1aden que una vacuna de este tipo podr\u00eda ofrecer una alternativa menos costosa y m\u00e1s efectiva a los tratamientos actuales para reducir el colesterol. <\/p>\n<p>Altos niveles de colesterol LDL pueden contribuir a un incremento en el riesgo de ataque al coraz\u00f3n, derrame cerebral u otros problemas cardiovasculares. <\/p>\n<p>\u00a0 <\/p>\n","protected":false},"excerpt":{"rendered":"<p>En un nuevo estudio, publicado en la revista Vaccine, \u00a0investigadores <a href=\"https:\/\/sertv.gob.pa\/nacionalfm\/vacuna-para-disminuir-el-colesterol\/\"> [&#8230;]<\/a><\/p>\n","protected":false},"author":1,"featured_media":8724,"comment_status":"closed","ping_status":"closed","sticky":false,"template":"","format":"standard","meta":{"footnotes":""},"categories":[5],"tags":[],"class_list":["post-8723","post","type-post","status-publish","format-standard","has-post-thumbnail","hentry","category-salud"],"_links":{"self":[{"href":"https:\/\/sertv.gob.pa\/nacionalfm\/wp-json\/wp\/v2\/posts\/8723","targetHints":{"allow":["GET"]}}],"collection":[{"href":"https:\/\/sertv.gob.pa\/nacionalfm\/wp-json\/wp\/v2\/posts"}],"about":[{"href":"https:\/\/sertv.gob.pa\/nacionalfm\/wp-json\/wp\/v2\/types\/post"}],"author":[{"embeddable":true,"href":"https:\/\/sertv.gob.pa\/nacionalfm\/wp-json\/wp\/v2\/users\/1"}],"replies":[{"embeddable":true,"href":"https:\/\/sertv.gob.pa\/nacionalfm\/wp-json\/wp\/v2\/comments?post=8723"}],"version-history":[{"count":0,"href":"https:\/\/sertv.gob.pa\/nacionalfm\/wp-json\/wp\/v2\/posts\/8723\/revisions"}],"wp:featuredmedia":[{"embeddable":true,"href":"https:\/\/sertv.gob.pa\/nacionalfm\/wp-json\/wp\/v2\/media\/8724"}],"wp:attachment":[{"href":"https:\/\/sertv.gob.pa\/nacionalfm\/wp-json\/wp\/v2\/media?parent=8723"}],"wp:term":[{"taxonomy":"category","embeddable":true,"href":"https:\/\/sertv.gob.pa\/nacionalfm\/wp-json\/wp\/v2\/categories?post=8723"},{"taxonomy":"post_tag","embeddable":true,"href":"https:\/\/sertv.gob.pa\/nacionalfm\/wp-json\/wp\/v2\/tags?post=8723"}],"curies":[{"name":"wp","href":"https:\/\/api.w.org\/{rel}","templated":true}]}}