{"id":8725,"date":"2015-11-13T16:22:42","date_gmt":"2015-11-13T16:22:42","guid":{"rendered":""},"modified":"2015-11-13T16:22:42","modified_gmt":"2015-11-13T16:22:42","slug":"marihuana-sera-legalizada-en-colombia-con-fines-medicinales","status":"publish","type":"post","link":"https:\/\/sertv.gob.pa\/nacionalfm\/marihuana-sera-legalizada-en-colombia-con-fines-medicinales\/","title":{"rendered":"Marihuana ser\u00e1 legalizada en Colombia con fines medicinales"},"content":{"rendered":"<p>\nEl gobierno colombiano prepara un decreto para legalizar el cultivo y la  comercializaci\u00f3n de marihuana \u00a0con fines medicinales, se inform\u00f3 \u00a0oficialmente. <\/p>\n<p>El anuncio fue hecho por el ministro de Justicia, Yesid Reyes, quien sostuvo que el tema s\u00f3lo tiene que ver con usos medicinales o cient\u00edficos de la marihuana. <\/p>\n<p>\u00abNadie est\u00e1 hablando de legalizar nada que no tenga que ver con esos dos fines\u00bb, advirti\u00f3. Seg\u00fan dijo Reyes a la emisora Caracol Radio, el decreto busca que a partir de plantaciones de marihuana se pueda fabricar l\u00edcitamente sustancias con fines m\u00e9dicos o cient\u00edficos. <\/p>\n<p>El ministro puso como ejemplo que si alguien quiere producir aceite a base de marihuana tiene que solicitar al estatal Consejo Nacional de Estupefacientes una licencia que le permita cultivar un determinado n\u00famero de plantas. <\/p>\n<p>Por su parte, el ministro de Salud, Alejandro Gaviria, hizo hincapi\u00e9 en que \u00ablo que se est\u00e1 legalizando es una actividad que podr\u00edamos llamar agro-industrial, donde el producto que se va a comercializar&#8230; es l\u00edcito\u00bb. <\/p>\n<p>En el pasado el presidente Juan Manuel Santos dijo estar de acuerdo con la utilizaci\u00f3n medicinal y terap\u00e9utica de la marihuana, un proyecto que fue enviado al Congreso por un senador de la coalici\u00f3n de gobierno. <\/p>\n<p>Para el mandatario la iniciativa es \u00abuna medida pr\u00e1ctica, compasiva, para reducir el dolor, ansiedad de los pacientes con enfermedades terminales, pero tambi\u00e9n como una forma de comenzar a sacar de las manos de los criminales ser intermediarios entre el paciente y una sustancia para aliviar su sufrimiento\u00bb. <\/p>\n<p>\u00a0 <\/p>\n","protected":false},"excerpt":{"rendered":"<p>El gobierno colombiano prepara un decreto para legalizar el cultivo <a href=\"https:\/\/sertv.gob.pa\/nacionalfm\/marihuana-sera-legalizada-en-colombia-con-fines-medicinales\/\"> [&#8230;]<\/a><\/p>\n","protected":false},"author":1,"featured_media":8726,"comment_status":"closed","ping_status":"closed","sticky":false,"template":"","format":"standard","meta":{"footnotes":""},"categories":[5],"tags":[],"class_list":["post-8725","post","type-post","status-publish","format-standard","has-post-thumbnail","hentry","category-salud"],"_links":{"self":[{"href":"https:\/\/sertv.gob.pa\/nacionalfm\/wp-json\/wp\/v2\/posts\/8725","targetHints":{"allow":["GET"]}}],"collection":[{"href":"https:\/\/sertv.gob.pa\/nacionalfm\/wp-json\/wp\/v2\/posts"}],"about":[{"href":"https:\/\/sertv.gob.pa\/nacionalfm\/wp-json\/wp\/v2\/types\/post"}],"author":[{"embeddable":true,"href":"https:\/\/sertv.gob.pa\/nacionalfm\/wp-json\/wp\/v2\/users\/1"}],"replies":[{"embeddable":true,"href":"https:\/\/sertv.gob.pa\/nacionalfm\/wp-json\/wp\/v2\/comments?post=8725"}],"version-history":[{"count":0,"href":"https:\/\/sertv.gob.pa\/nacionalfm\/wp-json\/wp\/v2\/posts\/8725\/revisions"}],"wp:featuredmedia":[{"embeddable":true,"href":"https:\/\/sertv.gob.pa\/nacionalfm\/wp-json\/wp\/v2\/media\/8726"}],"wp:attachment":[{"href":"https:\/\/sertv.gob.pa\/nacionalfm\/wp-json\/wp\/v2\/media?parent=8725"}],"wp:term":[{"taxonomy":"category","embeddable":true,"href":"https:\/\/sertv.gob.pa\/nacionalfm\/wp-json\/wp\/v2\/categories?post=8725"},{"taxonomy":"post_tag","embeddable":true,"href":"https:\/\/sertv.gob.pa\/nacionalfm\/wp-json\/wp\/v2\/tags?post=8725"}],"curies":[{"name":"wp","href":"https:\/\/api.w.org\/{rel}","templated":true}]}}