{"id":87282,"date":"2022-09-16T20:26:40","date_gmt":"2022-09-16T20:26:40","guid":{"rendered":"https:\/\/sertv.gob.pa\/nacionalfm\/?p=87282"},"modified":"2022-09-16T20:26:40","modified_gmt":"2022-09-16T20:26:40","slug":"accion-contra-el-hambre-alerta-de-una-crisis-migratoria-inedita-en-honduras-desde-2018","status":"publish","type":"post","link":"https:\/\/sertv.gob.pa\/nacionalfm\/accion-contra-el-hambre-alerta-de-una-crisis-migratoria-inedita-en-honduras-desde-2018\/","title":{"rendered":"Acci\u00f3n contra el Hambre alerta de una crisis migratoria in\u00e9dita en Honduras desde 2018"},"content":{"rendered":"<p><strong><em>MADRID, (EUROPA PRESS) &#8211;<\/em><\/strong><\/p>\n<p>&nbsp;<\/p>\n<p>El flujo migratorio durante los primeros ocho meses de 2022 en la frontera sur de Honduras ya multiplica por ocho los datos correspondientes al mismo periodo de 2021 y alcanza niveles in\u00e9ditos desde 2018, seg\u00fan Acci\u00f3n contra el Hambre, que ha alertado de que la situaci\u00f3n podr\u00eda empeorar en los pr\u00f3ximos meses.<\/p>\n<p>El Instituto Nacional de Migraci\u00f3n (INM) de Honduras ha registrado en la frontera sur del pa\u00eds 84.762 entradas ilegales y Acci\u00f3n contra el Hambre no descarta que este a\u00f1o m\u00e1s de medio mill\u00f3n de personas intenten cruzar de forma ilegal el pa\u00eds centroamericano.<\/p>\n<p>La exigencia de un visado para entrar en Honduras complica para los migrantes el acceso regular al pa\u00eds, lo que lleva a muchos de ellos a contactar con &#8216;coyotes&#8217; para entrar a trav\u00e9s de puntos ciegos, siendo los pasos de Danl\u00ed y Trojes &#8211;en Nicaragua&#8211; los m\u00e1s transitados.<\/p>\n<p>La declaraci\u00f3n de emergencia en estas zonas llev\u00f3 a Acci\u00f3n contra el Hambre a iniciar un despliegue de emergencia, en el que ha constatado que las atenciones nutricionales se duplicaron en agosto y los casos de riesgo nutricional siguen en aumento.<\/p>\n<p>La mayor\u00eda de quienes quieren entrar en Honduras proceden de Venezuela, si bien tambi\u00e9n hay personas de Cuba, Ecuador, Hait\u00ed e incluso de Yemen y Bangladesh.<\/p>\n<p>\u00abPensaba que iba a ser un viaje normal, pero no se lo recomiendo a nadie, ni con hijos, ni embarazadas. He visto de todo. Mujeres tiradas, violadas, ni\u00f1os desaparecidos, animales\u00bb, relata el peruano Jairo Navarro, de 22 a\u00f1os, en declaraciones a la ONG. El viaje puede prolongarse durante meses.<\/p>\n<p>Una de las trabajadoras del equipo de emergencias de Acci\u00f3n contra el Hambre, Janire Zulaika, ha explicado que los migrantes cuentan especialmente las dificultades en el conocido como Tap\u00f3n del Dari\u00e9n, una zona selv\u00e1tica entre Colombia y Panam\u00e1.<\/p>\n<p>\u00abTambi\u00e9n nos hablan de una necesidad de comida, de agua potable, de apoyo en salud. Muchas personas tienen accidentes, hay muchas muertes, violaciones. Estamos hablando de situaciones terribles\u00bb, ha a\u00f1adido Zulaika.<\/p>\n<p>&nbsp;<\/p>\n<p>Fuente: EUROPA PRESS<\/p>\n<p>&nbsp;<\/p>\n","protected":false},"excerpt":{"rendered":"<p>MADRID, (EUROPA PRESS) &#8211; &nbsp; El flujo migratorio durante los <a href=\"https:\/\/sertv.gob.pa\/nacionalfm\/accion-contra-el-hambre-alerta-de-una-crisis-migratoria-inedita-en-honduras-desde-2018\/\"> [&#8230;]<\/a><\/p>\n","protected":false},"author":9,"featured_media":87283,"comment_status":"closed","ping_status":"closed","sticky":false,"template":"","format":"standard","meta":{"footnotes":""},"categories":[3],"tags":[],"class_list":["post-87282","post","type-post","status-publish","format-standard","has-post-thumbnail","hentry","category-internacionales"],"_links":{"self":[{"href":"https:\/\/sertv.gob.pa\/nacionalfm\/wp-json\/wp\/v2\/posts\/87282","targetHints":{"allow":["GET"]}}],"collection":[{"href":"https:\/\/sertv.gob.pa\/nacionalfm\/wp-json\/wp\/v2\/posts"}],"about":[{"href":"https:\/\/sertv.gob.pa\/nacionalfm\/wp-json\/wp\/v2\/types\/post"}],"author":[{"embeddable":true,"href":"https:\/\/sertv.gob.pa\/nacionalfm\/wp-json\/wp\/v2\/users\/9"}],"replies":[{"embeddable":true,"href":"https:\/\/sertv.gob.pa\/nacionalfm\/wp-json\/wp\/v2\/comments?post=87282"}],"version-history":[{"count":1,"href":"https:\/\/sertv.gob.pa\/nacionalfm\/wp-json\/wp\/v2\/posts\/87282\/revisions"}],"predecessor-version":[{"id":87284,"href":"https:\/\/sertv.gob.pa\/nacionalfm\/wp-json\/wp\/v2\/posts\/87282\/revisions\/87284"}],"wp:featuredmedia":[{"embeddable":true,"href":"https:\/\/sertv.gob.pa\/nacionalfm\/wp-json\/wp\/v2\/media\/87283"}],"wp:attachment":[{"href":"https:\/\/sertv.gob.pa\/nacionalfm\/wp-json\/wp\/v2\/media?parent=87282"}],"wp:term":[{"taxonomy":"category","embeddable":true,"href":"https:\/\/sertv.gob.pa\/nacionalfm\/wp-json\/wp\/v2\/categories?post=87282"},{"taxonomy":"post_tag","embeddable":true,"href":"https:\/\/sertv.gob.pa\/nacionalfm\/wp-json\/wp\/v2\/tags?post=87282"}],"curies":[{"name":"wp","href":"https:\/\/api.w.org\/{rel}","templated":true}]}}