{"id":87334,"date":"2022-09-19T18:53:42","date_gmt":"2022-09-19T18:53:42","guid":{"rendered":"https:\/\/sertv.gob.pa\/nacionalfm\/?p=87334"},"modified":"2022-09-19T18:53:42","modified_gmt":"2022-09-19T18:53:42","slug":"la-capilla-de-windsor-acoge-el-ultimo-homenaje-publico-a-isabel-ii","status":"publish","type":"post","link":"https:\/\/sertv.gob.pa\/nacionalfm\/la-capilla-de-windsor-acoge-el-ultimo-homenaje-publico-a-isabel-ii\/","title":{"rendered":"La capilla de Windsor acoge el \u00faltimo homenaje p\u00fablico a Isabel II"},"content":{"rendered":"<p><strong><em>MADRID, (EUROPA PRESS) &#8211;<\/em><\/strong><\/p>\n<p>&nbsp;<\/p>\n<p>La capilla del castillo de Windsor ha albergado el \u00faltimo homenaje p\u00fablico a la reina Isabel II, fallecida el 8 de septiembre, en presencia de unos 800 invitados que han despedido a la difunta monarca en el mismo lugar donde se celebr\u00f3 el funeral por su marido, el pr\u00edncipe Felipe.<\/p>\n<p>Aquel funeral, marcado por las restricciones frente a la pandemia de COVID-19, brind\u00f3 una imagen de soledad de la entonces reina, a la que este lunes Reino Unido ha ofrecido un \u00faltimo gran homenaje nacional, primero en la abad\u00eda de Westminster y luego en la capilla de San Jorge, en Windsor.<\/p>\n<p>El f\u00e9retro de Isabel II ha entrado en el templo seguido de nuevo por los principales miembros de la familia real, entre ellos el rey Carlos III y su esposa, la reina consorte Camila. El de\u00e1n de Windsor ha presidido una ceremonia puramente religiosa en la que tambi\u00e9n ha participado el arzobispo de Canterbury, Justin Welby.<\/p>\n<p>Durante el acto, se han retirado los s\u00edmbolos de la monarqu\u00eda depositados sobre el f\u00e9retro a excepci\u00f3n del estandarte real &#8211;la corona imperial, el orbe y el cetro&#8211;, para ser depositados repartidos sobre el altar.<\/p>\n<p>El rey Carlos III ha depositado posteriormente sobre el f\u00e9retro el color de la compa\u00f1\u00eda de la reina mientras que el Lord Chamberlain ha roto su vara de mando y la ha depositado sobre el ata\u00fad como s\u00edmbolo del fin de la era isabelina.<\/p>\n<p>Como ocurriese horas antes en Londres, el himno nacional, &#8216;Dios salve al Rey&#8217;, ha servido como conclusi\u00f3n al \u00faltimo gran acto p\u00fablico en recuerdo a Isabel II. El entierro posterior en la capilla de San Jorge se realizar\u00e1 ya en privado, seg\u00fan la Casa Real.<\/p>\n<p>En representaci\u00f3n de Espa\u00f1a, han acudido a esta segunda misa el rey Felipe VI y la reina em\u00e9rita Sof\u00eda. Do\u00f1a Letizia no ha participado para emprender viaje a Nueva York, donde participar\u00e1 en actos con motivo de la Asamblea General de la ONU, mientras que Don Juan Carlos \u00abha declinado la invitaci\u00f3n\u00bb que tambi\u00e9n le hab\u00eda cursado Carlos III, han precisado desde Zarzuela.<\/p>\n<p><strong>ENTIERRO<\/strong><\/p>\n<p>La capilla tiene una especial simbolog\u00eda para la corona brit\u00e1nica y, entre sus hitos recientes, se cuenta el haber acogido la boda del pr\u00edncipe Enrique y su esposa, Meghan Markle, y el funeral del marido de Isabel II. En el acto de este jueves, de hecho, se ha podido escuchar un himno que tambi\u00e9n son\u00f3 en dicho funeral.<\/p>\n<p>El f\u00e9retro de Isabel II ha descendido a la b\u00f3veda real antes del final de la ceremonia, paso previo a un entierro previsto para las 19.30 (hora local). Los restos de Isabel II reposar\u00e1n junto a los de su marido, el pr\u00edncipe Felipe, que falleci\u00f3 en abril de 2021 y fue inhumado inicialmente en una sepultura provisional a la espera del fallecimiento de la reina.<\/p>\n<p>&nbsp;<\/p>\n<p>Fuente: EUROPA PRESS<\/p>\n","protected":false},"excerpt":{"rendered":"<p>MADRID, (EUROPA PRESS) &#8211; &nbsp; La capilla del castillo de <a href=\"https:\/\/sertv.gob.pa\/nacionalfm\/la-capilla-de-windsor-acoge-el-ultimo-homenaje-publico-a-isabel-ii\/\"> [&#8230;]<\/a><\/p>\n","protected":false},"author":9,"featured_media":87335,"comment_status":"closed","ping_status":"closed","sticky":false,"template":"","format":"standard","meta":{"footnotes":""},"categories":[3],"tags":[],"class_list":["post-87334","post","type-post","status-publish","format-standard","has-post-thumbnail","hentry","category-internacionales"],"_links":{"self":[{"href":"https:\/\/sertv.gob.pa\/nacionalfm\/wp-json\/wp\/v2\/posts\/87334","targetHints":{"allow":["GET"]}}],"collection":[{"href":"https:\/\/sertv.gob.pa\/nacionalfm\/wp-json\/wp\/v2\/posts"}],"about":[{"href":"https:\/\/sertv.gob.pa\/nacionalfm\/wp-json\/wp\/v2\/types\/post"}],"author":[{"embeddable":true,"href":"https:\/\/sertv.gob.pa\/nacionalfm\/wp-json\/wp\/v2\/users\/9"}],"replies":[{"embeddable":true,"href":"https:\/\/sertv.gob.pa\/nacionalfm\/wp-json\/wp\/v2\/comments?post=87334"}],"version-history":[{"count":1,"href":"https:\/\/sertv.gob.pa\/nacionalfm\/wp-json\/wp\/v2\/posts\/87334\/revisions"}],"predecessor-version":[{"id":87337,"href":"https:\/\/sertv.gob.pa\/nacionalfm\/wp-json\/wp\/v2\/posts\/87334\/revisions\/87337"}],"wp:featuredmedia":[{"embeddable":true,"href":"https:\/\/sertv.gob.pa\/nacionalfm\/wp-json\/wp\/v2\/media\/87335"}],"wp:attachment":[{"href":"https:\/\/sertv.gob.pa\/nacionalfm\/wp-json\/wp\/v2\/media?parent=87334"}],"wp:term":[{"taxonomy":"category","embeddable":true,"href":"https:\/\/sertv.gob.pa\/nacionalfm\/wp-json\/wp\/v2\/categories?post=87334"},{"taxonomy":"post_tag","embeddable":true,"href":"https:\/\/sertv.gob.pa\/nacionalfm\/wp-json\/wp\/v2\/tags?post=87334"}],"curies":[{"name":"wp","href":"https:\/\/api.w.org\/{rel}","templated":true}]}}