{"id":87391,"date":"2022-09-20T18:09:01","date_gmt":"2022-09-20T18:09:01","guid":{"rendered":"https:\/\/sertv.gob.pa\/nacionalfm\/?p=87391"},"modified":"2022-09-20T18:11:55","modified_gmt":"2022-09-20T18:11:55","slug":"el-presidente-dominicano-cancela-su-viaje-a-la-sede-de-la-onu-por-el-huracan-fiona","status":"publish","type":"post","link":"https:\/\/sertv.gob.pa\/nacionalfm\/el-presidente-dominicano-cancela-su-viaje-a-la-sede-de-la-onu-por-el-huracan-fiona\/","title":{"rendered":"El presidente dominicano cancela su viaje a la sede de la ONU por el hurac\u00e1n &#8216;Fiona&#8217;"},"content":{"rendered":"<p><strong><em>MADRID, (EUROPA PRESS) &#8211;<\/em><\/strong><\/p>\n<p>&nbsp;<\/p>\n<p>El presidente de Rep\u00fablica Domincana, Luis Abinader, ha decidido cancelar su viaje a Nueva York para asistir a la Asamblea General de Naciones Unidas, con el objetivo de \u00absupervisar\u00bb las labores de recuperaci\u00f3n del pa\u00eds caribe\u00f1o tras el paso del hurac\u00e1n &#8216;Fiona&#8217;.<\/p>\n<p>Abinader ha se\u00f1alado en redes sociales que su \u00abdeber principal\u00bb pasa por \u00abatender las necesidades y urgencias\u00bb de los ciudadanos: \u00abAyudar y establecer todos los mecanismos necesarios para volver a la normalidad cuanto antes, reparar los da\u00f1os y estar con mi gente\u00bb.<\/p>\n<p>El mandatario dominicano, que prev\u00e9 visitar esta semana todas las provincias afectadas por el temporal, cede as\u00ed el testigo a su ministro de Exteriores, Roberto \u00c1lvarez, que ya se encuentra en Nueva York participando en actos previos a la principal reuni\u00f3n de Naciones Unidas.<\/p>\n<p>Las autoridades de Rep\u00fablica Dominicana han confirmado el fallecimiento de un hombre de 68 a\u00f1os aplastado por un \u00e1rbol arrastrado por el viento en la comunidad de Matancita, en la provincia Mar\u00eda Trinidad S\u00e1nchez, en el noreste del pa\u00eds.<\/p>\n<p>Este martes, el Centro de Operaciones de Emergencia de Rep\u00fablica Dominicana (COE) mantiene la alerta roja en siete provincias del pa\u00eds y un aviso amarillo en otros 13.<\/p>\n<p>&nbsp;<\/p>\n<p>Fuente: EUROPA PRESS<\/p>\n","protected":false},"excerpt":{"rendered":"<p>MADRID, (EUROPA PRESS) &#8211; &nbsp; El presidente de Rep\u00fablica Domincana, <a href=\"https:\/\/sertv.gob.pa\/nacionalfm\/el-presidente-dominicano-cancela-su-viaje-a-la-sede-de-la-onu-por-el-huracan-fiona\/\"> [&#8230;]<\/a><\/p>\n","protected":false},"author":9,"featured_media":87392,"comment_status":"closed","ping_status":"closed","sticky":false,"template":"","format":"standard","meta":{"footnotes":""},"categories":[3],"tags":[],"class_list":["post-87391","post","type-post","status-publish","format-standard","has-post-thumbnail","hentry","category-internacionales"],"_links":{"self":[{"href":"https:\/\/sertv.gob.pa\/nacionalfm\/wp-json\/wp\/v2\/posts\/87391","targetHints":{"allow":["GET"]}}],"collection":[{"href":"https:\/\/sertv.gob.pa\/nacionalfm\/wp-json\/wp\/v2\/posts"}],"about":[{"href":"https:\/\/sertv.gob.pa\/nacionalfm\/wp-json\/wp\/v2\/types\/post"}],"author":[{"embeddable":true,"href":"https:\/\/sertv.gob.pa\/nacionalfm\/wp-json\/wp\/v2\/users\/9"}],"replies":[{"embeddable":true,"href":"https:\/\/sertv.gob.pa\/nacionalfm\/wp-json\/wp\/v2\/comments?post=87391"}],"version-history":[{"count":1,"href":"https:\/\/sertv.gob.pa\/nacionalfm\/wp-json\/wp\/v2\/posts\/87391\/revisions"}],"predecessor-version":[{"id":87394,"href":"https:\/\/sertv.gob.pa\/nacionalfm\/wp-json\/wp\/v2\/posts\/87391\/revisions\/87394"}],"wp:featuredmedia":[{"embeddable":true,"href":"https:\/\/sertv.gob.pa\/nacionalfm\/wp-json\/wp\/v2\/media\/87392"}],"wp:attachment":[{"href":"https:\/\/sertv.gob.pa\/nacionalfm\/wp-json\/wp\/v2\/media?parent=87391"}],"wp:term":[{"taxonomy":"category","embeddable":true,"href":"https:\/\/sertv.gob.pa\/nacionalfm\/wp-json\/wp\/v2\/categories?post=87391"},{"taxonomy":"post_tag","embeddable":true,"href":"https:\/\/sertv.gob.pa\/nacionalfm\/wp-json\/wp\/v2\/tags?post=87391"}],"curies":[{"name":"wp","href":"https:\/\/api.w.org\/{rel}","templated":true}]}}