{"id":87396,"date":"2022-09-20T19:15:17","date_gmt":"2022-09-20T19:15:17","guid":{"rendered":"https:\/\/sertv.gob.pa\/nacionalfm\/?p=87396"},"modified":"2022-09-20T19:15:17","modified_gmt":"2022-09-20T19:15:17","slug":"corea-del-sur-llama-a-la-comunidad-internacional-a-responder-cuando-se-amenaza-la-libertad-de-un-pais","status":"publish","type":"post","link":"https:\/\/sertv.gob.pa\/nacionalfm\/corea-del-sur-llama-a-la-comunidad-internacional-a-responder-cuando-se-amenaza-la-libertad-de-un-pais\/","title":{"rendered":"Corea del Sur llama a la comunidad internacional a responder cuando se amenaza la libertad de un pa\u00eds"},"content":{"rendered":"<p><strong><em>MADRID, (EUROPA PRESS) &#8211;<\/em><\/strong><\/p>\n<p>&nbsp;<\/p>\n<p>El presidente de Corea del Sur, Yoon Suk Yeol, ha hecho un llamamiento a la comunidad internacional durante su discurso en la 77 Asamblea General de Naciones Unidas para que respondan cuando la libertad de un pa\u00eds se ve amenazada.<\/p>\n<p>\u00abCuando la libertad de una persona se ve amenazada dentro de un pa\u00eds, los miembros de la comunidad deben unirse para eliminar la amenaza y proteger la libertad\u00bb, ha dicho Yoon durante una intervenci\u00f3n, centrada en la \u00ablibertad y la solidaridad\u00bb.<\/p>\n<p>En este punto, ha instado a Naciones Unidas a reconocer al gobierno surcoreano como el \u00fanico leg\u00edtimo en la pen\u00ednsula, y ha llamado al organismo a enviar sus fuerzas para, junto con las de Corea del Sur, garantizar \u00abla protecci\u00f3n y expansi\u00f3n de las libertades civiles en el mundo\u00bb.<\/p>\n<p>Para el mandatario surcoreano, \u00abla libertad y la paz de los ciudadanos del mundo est\u00e1n siendo amenazadas\u00bb, por lo que es necesario que todos los pa\u00edses respeten \u00abel sistema internacional de normas\u00bb elaborado por Naciones Unidas a lo largo de los a\u00f1os.<\/p>\n<p>Si bien ha reconocido el papel fundamental de la ONU para combatir las enfermedades, el hambre, el analfabetismo o la falta de energ\u00eda, el presidente Yoon ha llamado ahora al organismo a dar respuestas \u00abm\u00e1s amplias\u00bb.<\/p>\n<p>\u00abComo miembro responsable de la comunidad internacional, la Rep\u00fablica de Corea cumplir\u00e1 con sus responsabilidades y su papel por la libertad de los ciudadanos del mundo y la prosperidad de la comunidad internacional\u00bb, ha zanjado.<\/p>\n<p>&nbsp;<\/p>\n<p>Fuente: EUROPA PRESS<\/p>\n","protected":false},"excerpt":{"rendered":"<p>MADRID, (EUROPA PRESS) &#8211; &nbsp; El presidente de Corea del <a href=\"https:\/\/sertv.gob.pa\/nacionalfm\/corea-del-sur-llama-a-la-comunidad-internacional-a-responder-cuando-se-amenaza-la-libertad-de-un-pais\/\"> [&#8230;]<\/a><\/p>\n","protected":false},"author":9,"featured_media":87397,"comment_status":"closed","ping_status":"closed","sticky":false,"template":"","format":"standard","meta":{"footnotes":""},"categories":[3],"tags":[],"class_list":["post-87396","post","type-post","status-publish","format-standard","has-post-thumbnail","hentry","category-internacionales"],"_links":{"self":[{"href":"https:\/\/sertv.gob.pa\/nacionalfm\/wp-json\/wp\/v2\/posts\/87396","targetHints":{"allow":["GET"]}}],"collection":[{"href":"https:\/\/sertv.gob.pa\/nacionalfm\/wp-json\/wp\/v2\/posts"}],"about":[{"href":"https:\/\/sertv.gob.pa\/nacionalfm\/wp-json\/wp\/v2\/types\/post"}],"author":[{"embeddable":true,"href":"https:\/\/sertv.gob.pa\/nacionalfm\/wp-json\/wp\/v2\/users\/9"}],"replies":[{"embeddable":true,"href":"https:\/\/sertv.gob.pa\/nacionalfm\/wp-json\/wp\/v2\/comments?post=87396"}],"version-history":[{"count":1,"href":"https:\/\/sertv.gob.pa\/nacionalfm\/wp-json\/wp\/v2\/posts\/87396\/revisions"}],"predecessor-version":[{"id":87398,"href":"https:\/\/sertv.gob.pa\/nacionalfm\/wp-json\/wp\/v2\/posts\/87396\/revisions\/87398"}],"wp:featuredmedia":[{"embeddable":true,"href":"https:\/\/sertv.gob.pa\/nacionalfm\/wp-json\/wp\/v2\/media\/87397"}],"wp:attachment":[{"href":"https:\/\/sertv.gob.pa\/nacionalfm\/wp-json\/wp\/v2\/media?parent=87396"}],"wp:term":[{"taxonomy":"category","embeddable":true,"href":"https:\/\/sertv.gob.pa\/nacionalfm\/wp-json\/wp\/v2\/categories?post=87396"},{"taxonomy":"post_tag","embeddable":true,"href":"https:\/\/sertv.gob.pa\/nacionalfm\/wp-json\/wp\/v2\/tags?post=87396"}],"curies":[{"name":"wp","href":"https:\/\/api.w.org\/{rel}","templated":true}]}}