{"id":87460,"date":"2022-09-21T19:53:45","date_gmt":"2022-09-21T19:53:45","guid":{"rendered":"https:\/\/sertv.gob.pa\/nacionalfm\/?p=87460"},"modified":"2022-09-21T19:53:45","modified_gmt":"2022-09-21T19:53:45","slug":"aumenta-a-siete-el-balance-de-fallecidos-por-las-protestas-en-el-kurdistan-irani-tras-la-muerte-de-mahsa-amini","status":"publish","type":"post","link":"https:\/\/sertv.gob.pa\/nacionalfm\/aumenta-a-siete-el-balance-de-fallecidos-por-las-protestas-en-el-kurdistan-irani-tras-la-muerte-de-mahsa-amini\/","title":{"rendered":"Aumenta a siete el balance de fallecidos por las protestas en el Kurdist\u00e1n iran\u00ed tras la muerte de Mahsa Amini"},"content":{"rendered":"<p><strong><em>MADRID, (EUROPA PRESS) &#8211;<\/em><\/strong><\/p>\n<p>&nbsp;<\/p>\n<p>La organizaci\u00f3n de Derechos Humanos Hengaw ha informado de que son siete los muertos, entre los que se encuentra un ni\u00f1o de 16 a\u00f1os, en el marco de las protestas de los \u00faltimos d\u00edas en el Kurdist\u00e1n iran\u00ed por la muerte de una mujer despu\u00e9s de ser detenida por llevar mal puesto el velo.<\/p>\n<p>Seg\u00fan ha informado la ONG en su perfil oficial de Twitter, dos de los fallecidos eran de la ciudad de Divandar\u00e9, mientras que los otros cuatro eran naturales de Piranshahrm, Saqqez, Dehgolan y Qasr-e Shirin. Asimismo, seg\u00fan las estad\u00edsticas proporcionadas por Hengaw, hay m\u00e1s de 400 heridos.<\/p>\n<p>Los manifestantes se han echado a las calles en al menos 14 ciudades del Kurdist\u00e1n iran\u00ed. Las movilizaciones han tenido su epicentro en las zonas de mayor\u00eda kurda del noroeste del pa\u00eds, si bien se han extendido a numerosas ciudades, incluida la capital, Teher\u00e1n.<\/p>\n<p>De hecho, este mismo mi\u00e9rcoles, el gobernador de Shiraz, Lorfol\u00e1 Shibani, ha indicado que un agente de Polic\u00eda muri\u00f3 el martes en el marco de un incidente en la ciudad de Mashhad (noreste) que se sald\u00f3 adem\u00e1s con otros cuatro agentes heridos.<\/p>\n<p>Seg\u00fan el Centro de Estad\u00edsticas y Documentos de la ONG, en los \u00faltimos cuatro d\u00edas, m\u00e1s de 500 ciudadanos kurdos han sido arrestados por las fuerzas de seguridad. Hengaw ha denunciado en un comunicado que \u00abmuchos heridos no han visitado los centros m\u00e9dicos por miedo a ser detenidos\u00bb.<\/p>\n<p>Mahsa Amini, de 22 a\u00f1os y miembro de la minor\u00eda kurda iran\u00ed, fue detenida el 13 de septiembre en Teher\u00e1n por vestir de forma inadecuada y falleci\u00f3 tres d\u00edas despu\u00e9s de caer en coma tras desmayarse en un centro de detenci\u00f3n, en medio de denuncias sobre torturas y malos tratos.<\/p>\n<p>La Polic\u00eda de Teher\u00e1n sali\u00f3 el lunes al paso de la pol\u00e9mica y asegur\u00f3 que la muerte de Amini fue un \u00abincidente desafortunado\u00bb, mientras que el presidente iran\u00ed, Ebrahim Raisi, habl\u00f3 el domingo por tel\u00e9fono con la familia y prometi\u00f3 una investigaci\u00f3n minuciosa para esclarecer lo ocurrido.<\/p>\n<p>&nbsp;<\/p>\n<p>Fuente: EUROPA PRESS<\/p>\n","protected":false},"excerpt":{"rendered":"<p>MADRID, (EUROPA PRESS) &#8211; &nbsp; La organizaci\u00f3n de Derechos Humanos <a href=\"https:\/\/sertv.gob.pa\/nacionalfm\/aumenta-a-siete-el-balance-de-fallecidos-por-las-protestas-en-el-kurdistan-irani-tras-la-muerte-de-mahsa-amini\/\"> [&#8230;]<\/a><\/p>\n","protected":false},"author":9,"featured_media":87461,"comment_status":"closed","ping_status":"closed","sticky":false,"template":"","format":"standard","meta":{"footnotes":""},"categories":[3],"tags":[],"class_list":["post-87460","post","type-post","status-publish","format-standard","has-post-thumbnail","hentry","category-internacionales"],"_links":{"self":[{"href":"https:\/\/sertv.gob.pa\/nacionalfm\/wp-json\/wp\/v2\/posts\/87460","targetHints":{"allow":["GET"]}}],"collection":[{"href":"https:\/\/sertv.gob.pa\/nacionalfm\/wp-json\/wp\/v2\/posts"}],"about":[{"href":"https:\/\/sertv.gob.pa\/nacionalfm\/wp-json\/wp\/v2\/types\/post"}],"author":[{"embeddable":true,"href":"https:\/\/sertv.gob.pa\/nacionalfm\/wp-json\/wp\/v2\/users\/9"}],"replies":[{"embeddable":true,"href":"https:\/\/sertv.gob.pa\/nacionalfm\/wp-json\/wp\/v2\/comments?post=87460"}],"version-history":[{"count":1,"href":"https:\/\/sertv.gob.pa\/nacionalfm\/wp-json\/wp\/v2\/posts\/87460\/revisions"}],"predecessor-version":[{"id":87462,"href":"https:\/\/sertv.gob.pa\/nacionalfm\/wp-json\/wp\/v2\/posts\/87460\/revisions\/87462"}],"wp:featuredmedia":[{"embeddable":true,"href":"https:\/\/sertv.gob.pa\/nacionalfm\/wp-json\/wp\/v2\/media\/87461"}],"wp:attachment":[{"href":"https:\/\/sertv.gob.pa\/nacionalfm\/wp-json\/wp\/v2\/media?parent=87460"}],"wp:term":[{"taxonomy":"category","embeddable":true,"href":"https:\/\/sertv.gob.pa\/nacionalfm\/wp-json\/wp\/v2\/categories?post=87460"},{"taxonomy":"post_tag","embeddable":true,"href":"https:\/\/sertv.gob.pa\/nacionalfm\/wp-json\/wp\/v2\/tags?post=87460"}],"curies":[{"name":"wp","href":"https:\/\/api.w.org\/{rel}","templated":true}]}}