{"id":875,"date":"2014-08-08T05:00:00","date_gmt":"2014-08-08T05:00:00","guid":{"rendered":""},"modified":"2014-08-08T05:00:00","modified_gmt":"2014-08-08T05:00:00","slug":"el-ebola-es-declarado-emergencia-publica-sanitaria","status":"publish","type":"post","link":"https:\/\/sertv.gob.pa\/nacionalfm\/el-ebola-es-declarado-emergencia-publica-sanitaria\/","title":{"rendered":"El \u00e9bola es declarado emergencia p\u00fablica sanitaria"},"content":{"rendered":"<p>\nLa Organizaci\u00f3n Mundial de la Salud (OMS) declar\u00f3 hoy el brote de \u00e9bola en \u00c1frica occidental como una emergencia p\u00fablica sanitaria internacional y recomend\u00f3 medidas excepcionales para detener su transmisi\u00f3n. <\/p>\n<p>Los pa\u00edses donde hay contagio del \u00e9bola tendr\u00e1n, entre otras medidas,\u00a0 que realizar ex\u00e1menes a la salida de aeropuertos, puertos mar\u00edtimos y en cruces fronterizos de toda persona con s\u00edntomas febriles que puedan asociarse a esta enfermedad letal. <\/p>\n<p>\u00abNo debe permitirse el viaje a ninguna persona con un malestar que pueda ser el \u00e9bola, a menos que el viaje sea parte de una evacuaci\u00f3n m\u00e9dica\u00bb, se\u00f1ala la recomendaci\u00f3n emitida hoy por la OMS para sus 194 pa\u00edses miembros. Los pa\u00edses donde se ha determinado que hay una transmisi\u00f3n activa del virus del \u00e9bola son Guinea Conakry, Liberia y Sierra Leona, en tanto que se eval\u00faa con atenci\u00f3n la evoluci\u00f3n en Nigeria. <\/p>\n<p>La recomendaci\u00f3n de la OMS, que consta de un an\u00e1lisis detallado de la situaci\u00f3n actual del brote, as\u00ed como de numerosas recomendaciones dirigidas a los gobiernos de los pa\u00edses afectados y al resto del mundo, fue adoptada por unanimidad por su Comit\u00e9 de Emergencia, que se reuni\u00f3 durante los dos \u00faltimos d\u00edas en Ginebra. <\/p>\n<p>La conclusi\u00f3n de sus deliberaciones fue aceptada y refrendada hoy por la directora general de la organizaci\u00f3n, Margaret Chan, quien dijo que esta decisi\u00f3n representa \u00abun reconocimiento de la gravedad y de la naturaleza inusual de este brote\u00bb.\u00a0 @nacionalFm <\/p>\n<p>\u00a0 <\/p>\n","protected":false},"excerpt":{"rendered":"<p>La Organizaci\u00f3n Mundial de la Salud (OMS) declar\u00f3 hoy el <a href=\"https:\/\/sertv.gob.pa\/nacionalfm\/el-ebola-es-declarado-emergencia-publica-sanitaria\/\"> [&#8230;]<\/a><\/p>\n","protected":false},"author":1,"featured_media":876,"comment_status":"closed","ping_status":"closed","sticky":false,"template":"","format":"standard","meta":{"footnotes":""},"categories":[5],"tags":[],"class_list":["post-875","post","type-post","status-publish","format-standard","has-post-thumbnail","hentry","category-salud"],"_links":{"self":[{"href":"https:\/\/sertv.gob.pa\/nacionalfm\/wp-json\/wp\/v2\/posts\/875","targetHints":{"allow":["GET"]}}],"collection":[{"href":"https:\/\/sertv.gob.pa\/nacionalfm\/wp-json\/wp\/v2\/posts"}],"about":[{"href":"https:\/\/sertv.gob.pa\/nacionalfm\/wp-json\/wp\/v2\/types\/post"}],"author":[{"embeddable":true,"href":"https:\/\/sertv.gob.pa\/nacionalfm\/wp-json\/wp\/v2\/users\/1"}],"replies":[{"embeddable":true,"href":"https:\/\/sertv.gob.pa\/nacionalfm\/wp-json\/wp\/v2\/comments?post=875"}],"version-history":[{"count":0,"href":"https:\/\/sertv.gob.pa\/nacionalfm\/wp-json\/wp\/v2\/posts\/875\/revisions"}],"wp:featuredmedia":[{"embeddable":true,"href":"https:\/\/sertv.gob.pa\/nacionalfm\/wp-json\/wp\/v2\/media\/876"}],"wp:attachment":[{"href":"https:\/\/sertv.gob.pa\/nacionalfm\/wp-json\/wp\/v2\/media?parent=875"}],"wp:term":[{"taxonomy":"category","embeddable":true,"href":"https:\/\/sertv.gob.pa\/nacionalfm\/wp-json\/wp\/v2\/categories?post=875"},{"taxonomy":"post_tag","embeddable":true,"href":"https:\/\/sertv.gob.pa\/nacionalfm\/wp-json\/wp\/v2\/tags?post=875"}],"curies":[{"name":"wp","href":"https:\/\/api.w.org\/{rel}","templated":true}]}}