{"id":87501,"date":"2022-09-22T18:19:07","date_gmt":"2022-09-22T18:19:07","guid":{"rendered":"https:\/\/sertv.gob.pa\/nacionalfm\/?p=87501"},"modified":"2022-09-22T18:19:07","modified_gmt":"2022-09-22T18:19:07","slug":"mexico-registra-una-fuerte-replica-de-magnitud-69-tras-el-seismo-del-lunes-en-michoacan","status":"publish","type":"post","link":"https:\/\/sertv.gob.pa\/nacionalfm\/mexico-registra-una-fuerte-replica-de-magnitud-69-tras-el-seismo-del-lunes-en-michoacan\/","title":{"rendered":"M\u00e9xico registra una fuerte r\u00e9plica de magnitud 6,9 tras el se\u00edsmo del lunes en Michoac\u00e1n"},"content":{"rendered":"<p><strong><em>\u00a0<\/em><\/strong><\/p>\n<p><strong><em>MADRID, (EUROPA PRESS) &#8211;<\/em><\/strong><\/p>\n<p>&nbsp;<\/p>\n<p>Un terremoto de magnitud 6,9 en la escala abierta de Richter ha sacudido este jueves el oeste de M\u00e9xico, apenas unos d\u00edas despu\u00e9s de un se\u00edsmo de magnitud 7,7 con epicentro en Michoac\u00e1n, seg\u00fan ha informado el Servicio Sismol\u00f3gico Nacional, que ha apuntado que podr\u00eda tratarse de una r\u00e9plica.<\/p>\n<p>El organismo ha se\u00f1alado en su cuenta en la red social Twitter que el epicentro se ha situado 84 kil\u00f3metros al sur de Coalcoman, en Michoac\u00e1n, con el hipocentro ubicado a doce kil\u00f3metros de profundidad. \u00abHasta las 2.00 horas (hora local) del 22 de septiembre, se han registrado 1.229 r\u00e9plicas del sismo de magnitud 7,7 ocurrido en Michoac\u00e1n el 19 de septiembre\u00bb, ha agregado.<\/p>\n<p>El presidente mexicano, Andr\u00e9s Manuel L\u00f3pez Obrador, ha indicado que \u00abhasta ahora no hay reporte de da\u00f1os\u00bb. \u00abTuvimos una r\u00e9plica del sismo con magnitud de 6,9 con epicentro en Coalcom\u00e1n. Se sinti\u00f3 en Michoac\u00e1n, Colima, Jalisco, Guerrero y Ciudad de M\u00e9xico\u00bb, ha rese\u00f1ado.<\/p>\n<p>Tras ello, las autoridades de Ciudad de M\u00e9xico han anunciado la activaci\u00f3n de la alerta s\u00edsmica y ha pedido a la poblaci\u00f3n \u00abevacuar y resguardarse en lugar seguro\u00bb. \u00abSiga las indicaciones del personal de Protecci\u00f3n Civil y servicios de emergencia en la zona\u00bb, han manifestado a trav\u00e9s de Twitter.<\/p>\n<p>Por su parte, la Secretar\u00eda de Seguridad Ciudadana de Ciudad de M\u00e9xico ha apuntado que \u00abtras la activaci\u00f3n de la alerta s\u00edsmica, una mujer perdi\u00f3 la vida tras golpearse en la cabeza al caer de las escaleras de su domicilio, en la colonia Doctores\u00bb, mientras que en la colonia Educaci\u00f3n ha fallecido un hombre \u00abpor un infarto\u00bb.<\/p>\n<p>El terremoto del lunes, que dej\u00f3 al menos dos muertos, coincidi\u00f3 con el doble aniversario de los se\u00edsmos que azotaron el pa\u00eds el 19 de septiembre de 1985 y 2017, que se saldaron con la muerte de alrededor de 6.000 y 369 personas, respectivamente.<\/p>\n<p>&nbsp;<\/p>\n<p>Fuente: EUROPA PRESS<\/p>\n","protected":false},"excerpt":{"rendered":"<p>\u00a0 MADRID, (EUROPA PRESS) &#8211; &nbsp; Un terremoto de magnitud <a href=\"https:\/\/sertv.gob.pa\/nacionalfm\/mexico-registra-una-fuerte-replica-de-magnitud-69-tras-el-seismo-del-lunes-en-michoacan\/\"> [&#8230;]<\/a><\/p>\n","protected":false},"author":9,"featured_media":87502,"comment_status":"closed","ping_status":"closed","sticky":false,"template":"","format":"standard","meta":{"footnotes":""},"categories":[3],"tags":[],"class_list":["post-87501","post","type-post","status-publish","format-standard","has-post-thumbnail","hentry","category-internacionales"],"_links":{"self":[{"href":"https:\/\/sertv.gob.pa\/nacionalfm\/wp-json\/wp\/v2\/posts\/87501","targetHints":{"allow":["GET"]}}],"collection":[{"href":"https:\/\/sertv.gob.pa\/nacionalfm\/wp-json\/wp\/v2\/posts"}],"about":[{"href":"https:\/\/sertv.gob.pa\/nacionalfm\/wp-json\/wp\/v2\/types\/post"}],"author":[{"embeddable":true,"href":"https:\/\/sertv.gob.pa\/nacionalfm\/wp-json\/wp\/v2\/users\/9"}],"replies":[{"embeddable":true,"href":"https:\/\/sertv.gob.pa\/nacionalfm\/wp-json\/wp\/v2\/comments?post=87501"}],"version-history":[{"count":1,"href":"https:\/\/sertv.gob.pa\/nacionalfm\/wp-json\/wp\/v2\/posts\/87501\/revisions"}],"predecessor-version":[{"id":87504,"href":"https:\/\/sertv.gob.pa\/nacionalfm\/wp-json\/wp\/v2\/posts\/87501\/revisions\/87504"}],"wp:featuredmedia":[{"embeddable":true,"href":"https:\/\/sertv.gob.pa\/nacionalfm\/wp-json\/wp\/v2\/media\/87502"}],"wp:attachment":[{"href":"https:\/\/sertv.gob.pa\/nacionalfm\/wp-json\/wp\/v2\/media?parent=87501"}],"wp:term":[{"taxonomy":"category","embeddable":true,"href":"https:\/\/sertv.gob.pa\/nacionalfm\/wp-json\/wp\/v2\/categories?post=87501"},{"taxonomy":"post_tag","embeddable":true,"href":"https:\/\/sertv.gob.pa\/nacionalfm\/wp-json\/wp\/v2\/tags?post=87501"}],"curies":[{"name":"wp","href":"https:\/\/api.w.org\/{rel}","templated":true}]}}