{"id":87505,"date":"2022-09-22T19:18:17","date_gmt":"2022-09-22T19:18:17","guid":{"rendered":"https:\/\/sertv.gob.pa\/nacionalfm\/?p=87505"},"modified":"2022-09-22T19:18:17","modified_gmt":"2022-09-22T19:18:17","slug":"ascienden-a-17-los-muertos-en-las-protestas-por-el-fallecimiento-de-una-mujer-detenida-por-llevar-mal-el-velo","status":"publish","type":"post","link":"https:\/\/sertv.gob.pa\/nacionalfm\/ascienden-a-17-los-muertos-en-las-protestas-por-el-fallecimiento-de-una-mujer-detenida-por-llevar-mal-el-velo\/","title":{"rendered":"Ascienden a 17 los muertos en las protestas por el fallecimiento de una mujer detenida por llevar mal el velo"},"content":{"rendered":"<p>&nbsp;<\/p>\n<p>Una ONG eleva a m\u00e1s de 30 los manifestantes muertos por la represi\u00f3n de las movilizaciones<\/p>\n<p><strong><em>\u00a0<\/em><\/strong><\/p>\n<p><strong><em>MADRID, (EUROPA PRESS) &#8211;<\/em><\/strong><\/p>\n<p>&nbsp;<\/p>\n<p>El balance de muertos en el marco de las protestas registradas durante los \u00faltimos d\u00edas en Ir\u00e1n tras el fallecimiento de una mujer despu\u00e9s de ser detenida por llevar mal puesto el velo, ha ascendido a 17, tal y como han recogido los medios locales.<\/p>\n<p>Seg\u00fan las informaciones recogidas por la cadena de televisi\u00f3n iran\u00ed Al Alam, entre los muertos figuran tres miembros de la fuerza paramilitar Basij que han sido apu\u00f1alados o tiroteados por asaltantes no identificados durante las \u00faltimas horas en disturbios en Mashhad, Qazvin y Tabriz.<\/p>\n<p>Sin embargo, la organizaci\u00f3n no gubernamental Iran Human Rights (IHR) ha asegurado que al menos 31 civiles han muerto en el marco de las protestas y ha denunciado cortes en el servicio de Internet. \u00abLas protestas a nivel nacional por parte del pueblo iran\u00ed contin\u00faan para protestar por el asesinato de Mahsa Amini. Hasta ahora han sido asesinados al menos 31 civiles\u00bb, ha apuntado.<\/p>\n<p>As\u00ed, IHR ha apuntado en una serie de mensajes publicados a trav\u00e9s de su cuenta oficial en la red social Twitter a la existencia de \u00abinformaciones sobre arrestos en masa de manifestantes y activistas civiles\u00bb y ha pedido a la comunidad internacional que \u00abreaccione\u00bb y \u00abevite el asesinato masivo de poblaci\u00f3n iran\u00ed\u00bb.<\/p>\n<p>El director de la ONG, Mahmud Amiri Moqadam, ha afirmado que la poblaci\u00f3n \u00abha salido a las calles para pedir derechos fundamentales y dignidad, algo que les ha sido negado por los l\u00edderes de Ir\u00e1n desde hace m\u00e1s de cuatro d\u00e9cadas\u00bb y ha lamentado que \u00abel Gobierno responda con balas ante sus protestas pac\u00edficas\u00bb.<\/p>\n<p>\u00abLas condenas y las muestras de preocupaci\u00f3n por parte de la comunidad internacional ya no son suficientes. La comunidad mundial y la gente que respeta los Derechos Humanos deben apoyar las demandas del pueblo iran\u00ed\u00bb, ha recalcado.<\/p>\n<p>Las movilizaciones han tenido su epicentro en las zonas de mayor\u00eda kurda del noroeste del pa\u00eds, si bien se han extendido a numerosas ciudades, incluida la capital, Teher\u00e1n. Asimismo, las autoridades han denunciado la presencia de agitadores para ejecutar actos de violencia en medio de las protestas.<\/p>\n<p>Amini, de 22 a\u00f1os y miembro de la minor\u00eda kurda iran\u00ed, fue detenida el 13 de septiembre en Teher\u00e1n por vestir de forma inadecuada y falleci\u00f3 tres d\u00edas despu\u00e9s de caer en coma tras desmayarse en un centro de detenci\u00f3n, en medio de denuncias sobre torturas y malos tratos.<\/p>\n<p>La Polic\u00eda de Teher\u00e1n sali\u00f3 el lunes al paso de la pol\u00e9mica y asegur\u00f3 que la muerte de Amini fue un \u00abincidente desafortunado\u00bb, mientras que el presidente iran\u00ed, Ebrahim Raisi, habl\u00f3 el domingo por tel\u00e9fono con la familia y prometi\u00f3 una investigaci\u00f3n minuciosa para esclarecer lo ocurrido.<\/p>\n<p><strong><em>\u00a0<\/em><\/strong><\/p>\n<p>Fuente: EUROPA PRESS<\/p>\n","protected":false},"excerpt":{"rendered":"<p>&nbsp; Una ONG eleva a m\u00e1s de 30 los manifestantes <a href=\"https:\/\/sertv.gob.pa\/nacionalfm\/ascienden-a-17-los-muertos-en-las-protestas-por-el-fallecimiento-de-una-mujer-detenida-por-llevar-mal-el-velo\/\"> [&#8230;]<\/a><\/p>\n","protected":false},"author":9,"featured_media":87507,"comment_status":"closed","ping_status":"closed","sticky":false,"template":"","format":"standard","meta":{"footnotes":""},"categories":[3],"tags":[],"class_list":["post-87505","post","type-post","status-publish","format-standard","has-post-thumbnail","hentry","category-internacionales"],"_links":{"self":[{"href":"https:\/\/sertv.gob.pa\/nacionalfm\/wp-json\/wp\/v2\/posts\/87505","targetHints":{"allow":["GET"]}}],"collection":[{"href":"https:\/\/sertv.gob.pa\/nacionalfm\/wp-json\/wp\/v2\/posts"}],"about":[{"href":"https:\/\/sertv.gob.pa\/nacionalfm\/wp-json\/wp\/v2\/types\/post"}],"author":[{"embeddable":true,"href":"https:\/\/sertv.gob.pa\/nacionalfm\/wp-json\/wp\/v2\/users\/9"}],"replies":[{"embeddable":true,"href":"https:\/\/sertv.gob.pa\/nacionalfm\/wp-json\/wp\/v2\/comments?post=87505"}],"version-history":[{"count":1,"href":"https:\/\/sertv.gob.pa\/nacionalfm\/wp-json\/wp\/v2\/posts\/87505\/revisions"}],"predecessor-version":[{"id":87509,"href":"https:\/\/sertv.gob.pa\/nacionalfm\/wp-json\/wp\/v2\/posts\/87505\/revisions\/87509"}],"wp:featuredmedia":[{"embeddable":true,"href":"https:\/\/sertv.gob.pa\/nacionalfm\/wp-json\/wp\/v2\/media\/87507"}],"wp:attachment":[{"href":"https:\/\/sertv.gob.pa\/nacionalfm\/wp-json\/wp\/v2\/media?parent=87505"}],"wp:term":[{"taxonomy":"category","embeddable":true,"href":"https:\/\/sertv.gob.pa\/nacionalfm\/wp-json\/wp\/v2\/categories?post=87505"},{"taxonomy":"post_tag","embeddable":true,"href":"https:\/\/sertv.gob.pa\/nacionalfm\/wp-json\/wp\/v2\/tags?post=87505"}],"curies":[{"name":"wp","href":"https:\/\/api.w.org\/{rel}","templated":true}]}}