{"id":87572,"date":"2022-09-23T19:36:17","date_gmt":"2022-09-23T19:36:17","guid":{"rendered":"https:\/\/sertv.gob.pa\/nacionalfm\/?p=87572"},"modified":"2022-09-23T19:36:17","modified_gmt":"2022-09-23T19:36:17","slug":"ecuador-solicita-la-intervencion-de-la-comision-interamericana-de-ddhh-tras-la-muerte-de-una-abogada","status":"publish","type":"post","link":"https:\/\/sertv.gob.pa\/nacionalfm\/ecuador-solicita-la-intervencion-de-la-comision-interamericana-de-ddhh-tras-la-muerte-de-una-abogada\/","title":{"rendered":"Ecuador solicita la intervenci\u00f3n de la Comisi\u00f3n Interamericana de DDHH tras la muerte de una abogada"},"content":{"rendered":"<p><strong><em>MADRID, (EUROPA PRESS) &#8211;<\/em><\/strong><\/p>\n<p>&nbsp;<\/p>\n<p>Las autoridades de Ecuador han solicitado este viernes la presencia en el pa\u00eds de miembros de la Comisi\u00f3n Interamericana de Derechos Humanos (CIDH) tras la muerte de la abogada Mar\u00eda Bel\u00e9n Bernal, hallada muerta tras once d\u00edas desaparecida en una academia de Polic\u00eda en la capital, Quito, donde acudi\u00f3 a visitar a su marido.<\/p>\n<p>La Secretar\u00eda de Derechos Humanos del Gobierno de Ecuador ha instado al organismo a iniciar un proceso de observaci\u00f3n y asesoramiento en las investigaciones en curso en torno a la desaparici\u00f3n y muerte de Bernal.<\/p>\n<p>La Secretar\u00eda ha emitido un comunicado donde reconoce su llamamiento a la CIDH, pidiendo su colaboraci\u00f3n para que las pesquisas se lleven cabo \u00abde forma transparente, efectiva e imparcial\u00bb con respeto a los Derechos Humanos y con \u00abenfoque de g\u00e9nero\u00bb.<\/p>\n<p>Del mismo modo, esperan que el organismo aporte todo tipo de observaciones necesaria para que el Estado \u00abincluya en sus planes de prevenci\u00f3n, protecci\u00f3n y restituci\u00f3n, acciones que garanticen los derechos de las mujeres en riesgo o v\u00edctimas de feminicidio\u00bb.<\/p>\n<p>Junto a la posible intervenci\u00f3n de la CIDH, la Fiscal\u00eda General de Ecuador ha confirmado que la pr\u00f3xima semana llegar\u00e1 a Quito una Comisi\u00f3n Internacional desde Colombia con el fin de continuar las investigaciones de la muerte de la abogada, de 34 a\u00f1os.<\/p>\n<p>Las autoridades de Ecuador confirmaron el jueves el hallazgo del cad\u00e1ver de Bernal, a la par que anunciaron el inicio de labores de b\u00fasqueda del marido de la abogada, Germ\u00e1n C\u00e1ceres, principal sospechoso y que habr\u00eda abandonado el edificio a bordo de un veh\u00edculo.<\/p>\n<p>Los investigadores han localizado objetos personales de Bernal en la habitaci\u00f3n de C\u00e1ceres y examinan, entre otras hip\u00f3tesis, si pudo cometerse un crimen con participaci\u00f3n de varias personas. Por su parte, el presidente de Ecuador, Guillermo Lasso, orden\u00f3 el 17 de septiembre el cese del director de la Escuela Superior de Polic\u00eda.<\/p>\n<p>Fuente: EUROPA PRESS<\/p>\n<p>&nbsp;<\/p>\n","protected":false},"excerpt":{"rendered":"<p>MADRID, (EUROPA PRESS) &#8211; &nbsp; Las autoridades de Ecuador han <a href=\"https:\/\/sertv.gob.pa\/nacionalfm\/ecuador-solicita-la-intervencion-de-la-comision-interamericana-de-ddhh-tras-la-muerte-de-una-abogada\/\"> [&#8230;]<\/a><\/p>\n","protected":false},"author":9,"featured_media":87573,"comment_status":"closed","ping_status":"closed","sticky":false,"template":"","format":"standard","meta":{"footnotes":""},"categories":[3],"tags":[],"class_list":["post-87572","post","type-post","status-publish","format-standard","has-post-thumbnail","hentry","category-internacionales"],"_links":{"self":[{"href":"https:\/\/sertv.gob.pa\/nacionalfm\/wp-json\/wp\/v2\/posts\/87572","targetHints":{"allow":["GET"]}}],"collection":[{"href":"https:\/\/sertv.gob.pa\/nacionalfm\/wp-json\/wp\/v2\/posts"}],"about":[{"href":"https:\/\/sertv.gob.pa\/nacionalfm\/wp-json\/wp\/v2\/types\/post"}],"author":[{"embeddable":true,"href":"https:\/\/sertv.gob.pa\/nacionalfm\/wp-json\/wp\/v2\/users\/9"}],"replies":[{"embeddable":true,"href":"https:\/\/sertv.gob.pa\/nacionalfm\/wp-json\/wp\/v2\/comments?post=87572"}],"version-history":[{"count":1,"href":"https:\/\/sertv.gob.pa\/nacionalfm\/wp-json\/wp\/v2\/posts\/87572\/revisions"}],"predecessor-version":[{"id":87574,"href":"https:\/\/sertv.gob.pa\/nacionalfm\/wp-json\/wp\/v2\/posts\/87572\/revisions\/87574"}],"wp:featuredmedia":[{"embeddable":true,"href":"https:\/\/sertv.gob.pa\/nacionalfm\/wp-json\/wp\/v2\/media\/87573"}],"wp:attachment":[{"href":"https:\/\/sertv.gob.pa\/nacionalfm\/wp-json\/wp\/v2\/media?parent=87572"}],"wp:term":[{"taxonomy":"category","embeddable":true,"href":"https:\/\/sertv.gob.pa\/nacionalfm\/wp-json\/wp\/v2\/categories?post=87572"},{"taxonomy":"post_tag","embeddable":true,"href":"https:\/\/sertv.gob.pa\/nacionalfm\/wp-json\/wp\/v2\/tags?post=87572"}],"curies":[{"name":"wp","href":"https:\/\/api.w.org\/{rel}","templated":true}]}}