{"id":87575,"date":"2022-09-23T19:47:01","date_gmt":"2022-09-23T19:47:01","guid":{"rendered":"https:\/\/sertv.gob.pa\/nacionalfm\/?p=87575"},"modified":"2022-09-23T19:47:01","modified_gmt":"2022-09-23T19:47:01","slug":"las-autoridades-mexicanas-rescatan-a-263-migrantes-en-las-ultimas-24-horas","status":"publish","type":"post","link":"https:\/\/sertv.gob.pa\/nacionalfm\/las-autoridades-mexicanas-rescatan-a-263-migrantes-en-las-ultimas-24-horas\/","title":{"rendered":"Las autoridades mexicanas rescatan a 263 migrantes en las \u00faltimas 24 horas"},"content":{"rendered":"<p><strong><em>MADRID, (EUROPA PRESS) &#8211;<\/em><\/strong><\/p>\n<p>&nbsp;<\/p>\n<p>Las autoridades mexicanas han rescatado a 263 migrantes que se encontraban hacinados en camiones que viajaban rumbo a Estados Unidos en dos operaciones llevadas a cabo durante las \u00faltimas 24 horas.<\/p>\n<p>La primera de las operaciones ha tenido lugar durante la madrugada del jueves en el estado sure\u00f1o de Chiapas, cuando un equipo de la Secretar\u00eda de Seguridad y Protecci\u00f3n Ciudadana (SSyPC) ha realizado una inspecci\u00f3n preventiva de un cami\u00f3n y ha encontrado a 153 personas.<\/p>\n<p>Los migrantes, 144 guatemaltecos, seis nicarag\u00fcenses y tres salvadore\u00f1os, fueron rescatados cuando se encontraban abandonados y hacinados en el interior del veh\u00edculo, el cual estaba aparcado en las inmediaciones de una carretera que une a M\u00e9xico con Guatemala, seg\u00fan ha detallado en un comunicado la propia SSyPC.<\/p>\n<p>Todos los migrantes han siendo trasladados ante las autoridades migratorias, en coordinaci\u00f3n con la Guardia Nacional mexicana y el Instituto Nacional de Migraci\u00f3n (INM).<\/p>\n<p>La segunda operaci\u00f3n ha tenido lugar en el estado fronterizo de Nuevo Le\u00f3n, donde agentes del INM han rescatado a 110 personas que se en encontraban en el interior de un tr\u00e1iler.<\/p>\n<p>En este caso, tambi\u00e9n se estaban llevando a cabo inspecciones preventivas de algunos veh\u00edculos, cuando los agentes han evidenciado voces y susurros en el interior del veh\u00edculo.<\/p>\n<p>Los migrantes de este segundo cami\u00f3n, 96 guatemaltecos, siete ecuatorianos, cinco salvadore\u00f1os y dos hondure\u00f1os han quedado bajo la tutela de las autoridades en la sede migratoria del estado.<\/p>\n<p>&nbsp;<\/p>\n<p>Fuente: EUROPA PRESS<\/p>\n<p>&nbsp;<\/p>\n","protected":false},"excerpt":{"rendered":"<p>MADRID, (EUROPA PRESS) &#8211; &nbsp; Las autoridades mexicanas han rescatado <a href=\"https:\/\/sertv.gob.pa\/nacionalfm\/las-autoridades-mexicanas-rescatan-a-263-migrantes-en-las-ultimas-24-horas\/\"> [&#8230;]<\/a><\/p>\n","protected":false},"author":9,"featured_media":87576,"comment_status":"closed","ping_status":"closed","sticky":false,"template":"","format":"standard","meta":{"footnotes":""},"categories":[3],"tags":[],"class_list":["post-87575","post","type-post","status-publish","format-standard","has-post-thumbnail","hentry","category-internacionales"],"_links":{"self":[{"href":"https:\/\/sertv.gob.pa\/nacionalfm\/wp-json\/wp\/v2\/posts\/87575","targetHints":{"allow":["GET"]}}],"collection":[{"href":"https:\/\/sertv.gob.pa\/nacionalfm\/wp-json\/wp\/v2\/posts"}],"about":[{"href":"https:\/\/sertv.gob.pa\/nacionalfm\/wp-json\/wp\/v2\/types\/post"}],"author":[{"embeddable":true,"href":"https:\/\/sertv.gob.pa\/nacionalfm\/wp-json\/wp\/v2\/users\/9"}],"replies":[{"embeddable":true,"href":"https:\/\/sertv.gob.pa\/nacionalfm\/wp-json\/wp\/v2\/comments?post=87575"}],"version-history":[{"count":1,"href":"https:\/\/sertv.gob.pa\/nacionalfm\/wp-json\/wp\/v2\/posts\/87575\/revisions"}],"predecessor-version":[{"id":87577,"href":"https:\/\/sertv.gob.pa\/nacionalfm\/wp-json\/wp\/v2\/posts\/87575\/revisions\/87577"}],"wp:featuredmedia":[{"embeddable":true,"href":"https:\/\/sertv.gob.pa\/nacionalfm\/wp-json\/wp\/v2\/media\/87576"}],"wp:attachment":[{"href":"https:\/\/sertv.gob.pa\/nacionalfm\/wp-json\/wp\/v2\/media?parent=87575"}],"wp:term":[{"taxonomy":"category","embeddable":true,"href":"https:\/\/sertv.gob.pa\/nacionalfm\/wp-json\/wp\/v2\/categories?post=87575"},{"taxonomy":"post_tag","embeddable":true,"href":"https:\/\/sertv.gob.pa\/nacionalfm\/wp-json\/wp\/v2\/tags?post=87575"}],"curies":[{"name":"wp","href":"https:\/\/api.w.org\/{rel}","templated":true}]}}