{"id":8763,"date":"2015-11-16T18:33:00","date_gmt":"2015-11-16T18:33:00","guid":{"rendered":""},"modified":"2015-11-16T18:33:00","modified_gmt":"2015-11-16T18:33:00","slug":"peligro-inmenso-de-la-resistencia-a-los-antibioticos","status":"publish","type":"post","link":"https:\/\/sertv.gob.pa\/nacionalfm\/peligro-inmenso-de-la-resistencia-a-los-antibioticos\/","title":{"rendered":"Peligro inmenso de la resistencia a los antibi\u00f3ticos"},"content":{"rendered":"<p>\nEl aumento de la resistencia a los antibi\u00f3ticos representa \u00abun inmenso peligro para la salud mundial\u00bb, se\u00f1al\u00f3 este lunes la directora general de la OMS, Margaret Chan, al presentar el primer estudio de la organizaci\u00f3n sobre el tema. Esta resistencia \u00abha alcanzado niveles peligrosamente elevados en todas las partes del mundo\u00bb, expres\u00f3 Chan, que calific\u00f3 el fen\u00f3meno como \u00abuna de las mayores amenazas para la salud\u00bb. <\/p>\n<p>\u00abLas superbacterias pueblan los hospitales y las unidades de cuidados intensivos del mundo entero\u00bb, alert\u00f3 en rueda de prensa. Si no se hace nada el mundo se dirige hacia \u00abuna era post-antibi\u00f3ticos en la que las infecciones corrientes podr\u00e1n volver a matar\u00bb. <\/p>\n<p>La investigaci\u00f3n, publicada este lunes en Ginebra, revela que cualquier persona puede verse afectada por una infecci\u00f3n resistente a los medicamentos. <\/p>\n<p>La resistencia a los antibi\u00f3ticos, igualmente llamada antibioresistencia, aparece cuando una bacteria evoluciona y se convierte resistente a los antibi\u00f3ticos que se usan para tratar infecciones, explica la Organizaci\u00f3n Mundial de la Salud. Este fen\u00f3meno se debe al consumo excesivo de antibi\u00f3ticos y a su mal uso. <\/p>\n<p>Pero seg\u00fan una encuesta en 12 pa\u00edses incluidas en el estudio, un 44% de las personas preguntadas creen err\u00f3neamente que la resistencia solo afecta a los que abusan de los antibi\u00f3ticos. <\/p>\n<p>M\u00e1s del 60% de los encuestados creen tambi\u00e9n err\u00f3neamente que los pacientes que toman correctamente sus antibi\u00f3ticos no tienen ning\u00fan peligro de infecci\u00f3n. \u00abEn realidad cualquier persona en cualquier momento y en cualquier pa\u00eds puede verse afectada por una infecci\u00f3n resistente a los antibi\u00f3ticos\u00bb, subraya la OMS, que entre el 16 y el 22 de noviembre celebra su primera Semana Mundial del Buen Uso de los Antibi\u00f3ticos. <\/p>\n<p>\u00a0 <\/p>\n","protected":false},"excerpt":{"rendered":"<p>El aumento de la resistencia a los antibi\u00f3ticos representa \u00abun <a href=\"https:\/\/sertv.gob.pa\/nacionalfm\/peligro-inmenso-de-la-resistencia-a-los-antibioticos\/\"> [&#8230;]<\/a><\/p>\n","protected":false},"author":1,"featured_media":8764,"comment_status":"closed","ping_status":"closed","sticky":false,"template":"","format":"standard","meta":{"footnotes":""},"categories":[5],"tags":[],"class_list":["post-8763","post","type-post","status-publish","format-standard","has-post-thumbnail","hentry","category-salud"],"_links":{"self":[{"href":"https:\/\/sertv.gob.pa\/nacionalfm\/wp-json\/wp\/v2\/posts\/8763","targetHints":{"allow":["GET"]}}],"collection":[{"href":"https:\/\/sertv.gob.pa\/nacionalfm\/wp-json\/wp\/v2\/posts"}],"about":[{"href":"https:\/\/sertv.gob.pa\/nacionalfm\/wp-json\/wp\/v2\/types\/post"}],"author":[{"embeddable":true,"href":"https:\/\/sertv.gob.pa\/nacionalfm\/wp-json\/wp\/v2\/users\/1"}],"replies":[{"embeddable":true,"href":"https:\/\/sertv.gob.pa\/nacionalfm\/wp-json\/wp\/v2\/comments?post=8763"}],"version-history":[{"count":0,"href":"https:\/\/sertv.gob.pa\/nacionalfm\/wp-json\/wp\/v2\/posts\/8763\/revisions"}],"wp:featuredmedia":[{"embeddable":true,"href":"https:\/\/sertv.gob.pa\/nacionalfm\/wp-json\/wp\/v2\/media\/8764"}],"wp:attachment":[{"href":"https:\/\/sertv.gob.pa\/nacionalfm\/wp-json\/wp\/v2\/media?parent=8763"}],"wp:term":[{"taxonomy":"category","embeddable":true,"href":"https:\/\/sertv.gob.pa\/nacionalfm\/wp-json\/wp\/v2\/categories?post=8763"},{"taxonomy":"post_tag","embeddable":true,"href":"https:\/\/sertv.gob.pa\/nacionalfm\/wp-json\/wp\/v2\/tags?post=8763"}],"curies":[{"name":"wp","href":"https:\/\/api.w.org\/{rel}","templated":true}]}}