{"id":87631,"date":"2022-09-26T19:07:06","date_gmt":"2022-09-26T19:07:06","guid":{"rendered":"https:\/\/sertv.gob.pa\/nacionalfm\/?p=87631"},"modified":"2022-09-26T19:07:06","modified_gmt":"2022-09-26T19:07:06","slug":"al-menos-tres-muertos-y-cuatro-desaparecidos-por-un-naufragio-en-las-galapagos","status":"publish","type":"post","link":"https:\/\/sertv.gob.pa\/nacionalfm\/al-menos-tres-muertos-y-cuatro-desaparecidos-por-un-naufragio-en-las-galapagos\/","title":{"rendered":"Al menos tres muertos y cuatro desaparecidos por un naufragio en las Gal\u00e1pagos"},"content":{"rendered":"<p><strong><em>MADRID, (EUROPA PRESS) &#8211;<\/em><\/strong><\/p>\n<p>&nbsp;<\/p>\n<p>Al menos tres personas han muerto y otras cuatro est\u00e1n desaparecidas por el naufragio de una embarcaci\u00f3n en el archipi\u00e9lago de las Galap\u00e1gos, en Ecuador, seg\u00fan han informado las autoridades locales.<\/p>\n<p>La lancha, con capacidad para 25 personas, transportaba a 34 entre la isla Isabela y la de Santa Cruz cuando se hundi\u00f3 en alta mar poco antes de las 19.00 (hora local). La mayor\u00eda de los pasajeros no llevaba chalecos salvavidas cuando se produjo el siniestro, seg\u00fan fuentes portuarias citadas por el diario &#8216;Expreso&#8217;.<\/p>\n<p>Las autoridades locales no han podido determinar a\u00fan los motivos exactos del naufragio, aunque en el momento en que se produjo hab\u00eda un fuerte oleaje en la zona. El alcalde de Santa Cruz, \u00c1ngel Y\u00e1\u00f1ez, ha confirmado en Teleamazonas que las autoridades buscan a los tripulantes de la embarcaci\u00f3n.<\/p>\n<p>&nbsp;<\/p>\n<p>Fuente: EUROPA PRESS<\/p>\n<p>&nbsp;<\/p>\n","protected":false},"excerpt":{"rendered":"<p>MADRID, (EUROPA PRESS) &#8211; &nbsp; Al menos tres personas han <a href=\"https:\/\/sertv.gob.pa\/nacionalfm\/al-menos-tres-muertos-y-cuatro-desaparecidos-por-un-naufragio-en-las-galapagos\/\"> [&#8230;]<\/a><\/p>\n","protected":false},"author":9,"featured_media":87632,"comment_status":"closed","ping_status":"closed","sticky":false,"template":"","format":"standard","meta":{"footnotes":""},"categories":[3],"tags":[],"class_list":["post-87631","post","type-post","status-publish","format-standard","has-post-thumbnail","hentry","category-internacionales"],"_links":{"self":[{"href":"https:\/\/sertv.gob.pa\/nacionalfm\/wp-json\/wp\/v2\/posts\/87631","targetHints":{"allow":["GET"]}}],"collection":[{"href":"https:\/\/sertv.gob.pa\/nacionalfm\/wp-json\/wp\/v2\/posts"}],"about":[{"href":"https:\/\/sertv.gob.pa\/nacionalfm\/wp-json\/wp\/v2\/types\/post"}],"author":[{"embeddable":true,"href":"https:\/\/sertv.gob.pa\/nacionalfm\/wp-json\/wp\/v2\/users\/9"}],"replies":[{"embeddable":true,"href":"https:\/\/sertv.gob.pa\/nacionalfm\/wp-json\/wp\/v2\/comments?post=87631"}],"version-history":[{"count":1,"href":"https:\/\/sertv.gob.pa\/nacionalfm\/wp-json\/wp\/v2\/posts\/87631\/revisions"}],"predecessor-version":[{"id":87633,"href":"https:\/\/sertv.gob.pa\/nacionalfm\/wp-json\/wp\/v2\/posts\/87631\/revisions\/87633"}],"wp:featuredmedia":[{"embeddable":true,"href":"https:\/\/sertv.gob.pa\/nacionalfm\/wp-json\/wp\/v2\/media\/87632"}],"wp:attachment":[{"href":"https:\/\/sertv.gob.pa\/nacionalfm\/wp-json\/wp\/v2\/media?parent=87631"}],"wp:term":[{"taxonomy":"category","embeddable":true,"href":"https:\/\/sertv.gob.pa\/nacionalfm\/wp-json\/wp\/v2\/categories?post=87631"},{"taxonomy":"post_tag","embeddable":true,"href":"https:\/\/sertv.gob.pa\/nacionalfm\/wp-json\/wp\/v2\/tags?post=87631"}],"curies":[{"name":"wp","href":"https:\/\/api.w.org\/{rel}","templated":true}]}}