{"id":87634,"date":"2022-09-26T19:31:49","date_gmt":"2022-09-26T19:31:49","guid":{"rendered":"https:\/\/sertv.gob.pa\/nacionalfm\/?p=87634"},"modified":"2022-09-26T19:31:49","modified_gmt":"2022-09-26T19:31:49","slug":"un-exalumno-ataviado-con-simbologia-nazi-mata-a-15-personas-en-un-colegio-de-rusia","status":"publish","type":"post","link":"https:\/\/sertv.gob.pa\/nacionalfm\/un-exalumno-ataviado-con-simbologia-nazi-mata-a-15-personas-en-un-colegio-de-rusia\/","title":{"rendered":"Un exalumno ataviado con simbolog\u00eda nazi mata a 15 personas en un colegio de Rusia"},"content":{"rendered":"<p>El Kremlin acusa del \u00abacto terrorista\u00bb a un hombre \u00abaparentemente perteneciente a un grupo neofascista\u00bb<\/p>\n<p><strong><em>\u00a0<\/em><\/strong><\/p>\n<p><strong><em>MADRID, (EUROPA PRESS) &#8211;<\/em><\/strong><\/p>\n<p>&nbsp;<\/p>\n<p>El balance de muertos en el ataque armado perpetrado este lunes en una escuela en la localidad rusa de Izhevsk, ubicada en la regi\u00f3n de Udmurtia (centro), ha ascendido a 15, seg\u00fan han confirmado las autoridades, que han detallado que entre las v\u00edctimas mortales hay 11 menores de edad. Adem\u00e1s hay 24 heridos, 22 de ellos menores de edad.<\/p>\n<p>\u00abHasta ahora los investigadores del Comit\u00e9 de Investigaci\u00f3n de Rusia &#8211;la polic\u00eda federal rusa&#8211; ha concluido que hay 39 personas heridas en este crimen, 15 de las cuales han fallecido, entre ellos 11 menores y 4 adultos\u00bb, ha indicado el Comit\u00e9 en un comunicado publicado en su canal en Telegram.<\/p>\n<p>El atacante ha sido identificado como Artem Kazantsev, un exalumno nacido en 1988 que llevaba un verdugo, vestimenta negra y simbolog\u00eda nazi sobre ella, seg\u00fan medios rusos. Kazantsev mat\u00f3 a un guardia de seguridad para infiltrarse en el Colegio N\u00famero 88 de Izhevsk y se suicid\u00f3 tras perpetrar el ataque. En el centro estudiaban 982 alumnos y trabajaban 80 profesores.<\/p>\n<p>Las autoridades rusas han abierto una investigaci\u00f3n y ha recalcado que \u00ablas acciones de todas las personas implicadas ser\u00e1n analizadas desde el punto de vista legal\u00bb. Previamente, el organismo hab\u00eda se\u00f1alado que dos guardias de seguridad hab\u00edan muerto a manos del atacante, que irrumpi\u00f3 luego en el centro y posteriormente se suicid\u00f3.<\/p>\n<p>El gobernador de la regi\u00f3n, Alexander Brechalov, ha hablado de \u00abtragedia\u00bb y ha anunciado la declaraci\u00f3n de un d\u00eda de luto en Udmurtia a causa del suceso. Adem\u00e1s, ha facilitado dos n\u00fameros de tel\u00e9fono para \u00abapoyo psicol\u00f3gico\u00bb a familiares y amigos de las v\u00edctimas.<\/p>\n<p>Por su parte, el portavoz del Kremlin, Dimitri Peskov, ha apuntado que el responsable del ataque \u00abaparentemente pertenece a una organizaci\u00f3n o grupo neofascista\u00bb y ha manifestado que el presidente del pa\u00eds, Vladimir Putin, traslada sus condolencias a los familiares de las v\u00edctimas de este \u00abacto terrorista\u00bb.<\/p>\n<p>El Comit\u00e9 de Investigaci\u00f3n de Rusia ha identificado al responsable del ataque como Artem Kazantsev, de 34 a\u00f1os y antiguo alumno del centro, al tiempo que ha incidido en que \u00abla personalidad del atacante, sus opiniones y su entorno est\u00e1n siendo estudiados\u00bb. \u00abSu adhesi\u00f3n a opiniones neofascistas y a la ideolog\u00eda nazi est\u00e1 siendo analizada\u00bb, ha zanjado.<\/p>\n<p>&nbsp;<\/p>\n<p>Fuente: EUROPA PRESS<\/p>\n<p>&nbsp;<\/p>\n","protected":false},"excerpt":{"rendered":"<p>El Kremlin acusa del \u00abacto terrorista\u00bb a un hombre \u00abaparentemente <a href=\"https:\/\/sertv.gob.pa\/nacionalfm\/un-exalumno-ataviado-con-simbologia-nazi-mata-a-15-personas-en-un-colegio-de-rusia\/\"> [&#8230;]<\/a><\/p>\n","protected":false},"author":9,"featured_media":87635,"comment_status":"closed","ping_status":"closed","sticky":false,"template":"","format":"standard","meta":{"footnotes":""},"categories":[3],"tags":[],"class_list":["post-87634","post","type-post","status-publish","format-standard","has-post-thumbnail","hentry","category-internacionales"],"_links":{"self":[{"href":"https:\/\/sertv.gob.pa\/nacionalfm\/wp-json\/wp\/v2\/posts\/87634","targetHints":{"allow":["GET"]}}],"collection":[{"href":"https:\/\/sertv.gob.pa\/nacionalfm\/wp-json\/wp\/v2\/posts"}],"about":[{"href":"https:\/\/sertv.gob.pa\/nacionalfm\/wp-json\/wp\/v2\/types\/post"}],"author":[{"embeddable":true,"href":"https:\/\/sertv.gob.pa\/nacionalfm\/wp-json\/wp\/v2\/users\/9"}],"replies":[{"embeddable":true,"href":"https:\/\/sertv.gob.pa\/nacionalfm\/wp-json\/wp\/v2\/comments?post=87634"}],"version-history":[{"count":1,"href":"https:\/\/sertv.gob.pa\/nacionalfm\/wp-json\/wp\/v2\/posts\/87634\/revisions"}],"predecessor-version":[{"id":87636,"href":"https:\/\/sertv.gob.pa\/nacionalfm\/wp-json\/wp\/v2\/posts\/87634\/revisions\/87636"}],"wp:featuredmedia":[{"embeddable":true,"href":"https:\/\/sertv.gob.pa\/nacionalfm\/wp-json\/wp\/v2\/media\/87635"}],"wp:attachment":[{"href":"https:\/\/sertv.gob.pa\/nacionalfm\/wp-json\/wp\/v2\/media?parent=87634"}],"wp:term":[{"taxonomy":"category","embeddable":true,"href":"https:\/\/sertv.gob.pa\/nacionalfm\/wp-json\/wp\/v2\/categories?post=87634"},{"taxonomy":"post_tag","embeddable":true,"href":"https:\/\/sertv.gob.pa\/nacionalfm\/wp-json\/wp\/v2\/tags?post=87634"}],"curies":[{"name":"wp","href":"https:\/\/api.w.org\/{rel}","templated":true}]}}