{"id":87744,"date":"2022-09-28T19:25:03","date_gmt":"2022-09-28T19:25:03","guid":{"rendered":"https:\/\/sertv.gob.pa\/nacionalfm\/?p=87744"},"modified":"2022-09-28T19:25:03","modified_gmt":"2022-09-28T19:25:03","slug":"manifestantes-atacan-el-palacio-de-la-justicia-de-mexico-en-protesta-por-el-caso-ayotzinapa","status":"publish","type":"post","link":"https:\/\/sertv.gob.pa\/nacionalfm\/manifestantes-atacan-el-palacio-de-la-justicia-de-mexico-en-protesta-por-el-caso-ayotzinapa\/","title":{"rendered":"Manifestantes atacan el Palacio de la Justicia de M\u00e9xico en protesta por el caso Ayotzinapa"},"content":{"rendered":"<p><strong><em>MADRID, (EUROPA PRESS) &#8211;<\/em><\/strong><\/p>\n<p>&nbsp;<\/p>\n<p>Estudiantes de distintas regiones de M\u00e9xico han atacado el Palacio de la Justicia en Iguala, M\u00e9xico, en el cierre de la Jornada Nacional de Lucha por los 43 normalistas de Ayotzinapa.<\/p>\n<p>Los manifestantes han lanzado petardos en los accesos al Palacio de Justicia, han realizado pintadas en las paredes del edificio del Tribunal Superior de Justicia y han quemado dos camiones, seg\u00fan ha informado el peri\u00f3dico &#8216;Milenio&#8217;.<\/p>\n<p>As\u00ed, los estudiantes habr\u00edan utilizado los camiones para abrir las puertas de acceso. Luego prendieron fuego a los veh\u00edculos.<\/p>\n<p>Tras dos semanas de protesta, organizadas por el octavo aniversario de los ataques contra los estudiantes, la multitud se han concentrado frente a la sede.<\/p>\n<p>Los individuos habr\u00edan criticado la decisi\u00f3n de destruir los v\u00eddeos de las c\u00e1maras de vigilancia en las que estar\u00edan las pruebas que demostrasen que el grupo de normalistas fue detenido por la Polic\u00eda loca y entregados a miembros de la organizaci\u00f3n criminal Guerreros Unidos.<\/p>\n<p>&nbsp;<\/p>\n<p>Fuente: EUROPA PRESS<\/p>\n","protected":false},"excerpt":{"rendered":"<p>MADRID, (EUROPA PRESS) &#8211; &nbsp; Estudiantes de distintas regiones de <a href=\"https:\/\/sertv.gob.pa\/nacionalfm\/manifestantes-atacan-el-palacio-de-la-justicia-de-mexico-en-protesta-por-el-caso-ayotzinapa\/\"> [&#8230;]<\/a><\/p>\n","protected":false},"author":9,"featured_media":87745,"comment_status":"closed","ping_status":"closed","sticky":false,"template":"","format":"standard","meta":{"footnotes":""},"categories":[3],"tags":[],"class_list":["post-87744","post","type-post","status-publish","format-standard","has-post-thumbnail","hentry","category-internacionales"],"_links":{"self":[{"href":"https:\/\/sertv.gob.pa\/nacionalfm\/wp-json\/wp\/v2\/posts\/87744","targetHints":{"allow":["GET"]}}],"collection":[{"href":"https:\/\/sertv.gob.pa\/nacionalfm\/wp-json\/wp\/v2\/posts"}],"about":[{"href":"https:\/\/sertv.gob.pa\/nacionalfm\/wp-json\/wp\/v2\/types\/post"}],"author":[{"embeddable":true,"href":"https:\/\/sertv.gob.pa\/nacionalfm\/wp-json\/wp\/v2\/users\/9"}],"replies":[{"embeddable":true,"href":"https:\/\/sertv.gob.pa\/nacionalfm\/wp-json\/wp\/v2\/comments?post=87744"}],"version-history":[{"count":1,"href":"https:\/\/sertv.gob.pa\/nacionalfm\/wp-json\/wp\/v2\/posts\/87744\/revisions"}],"predecessor-version":[{"id":87746,"href":"https:\/\/sertv.gob.pa\/nacionalfm\/wp-json\/wp\/v2\/posts\/87744\/revisions\/87746"}],"wp:featuredmedia":[{"embeddable":true,"href":"https:\/\/sertv.gob.pa\/nacionalfm\/wp-json\/wp\/v2\/media\/87745"}],"wp:attachment":[{"href":"https:\/\/sertv.gob.pa\/nacionalfm\/wp-json\/wp\/v2\/media?parent=87744"}],"wp:term":[{"taxonomy":"category","embeddable":true,"href":"https:\/\/sertv.gob.pa\/nacionalfm\/wp-json\/wp\/v2\/categories?post=87744"},{"taxonomy":"post_tag","embeddable":true,"href":"https:\/\/sertv.gob.pa\/nacionalfm\/wp-json\/wp\/v2\/tags?post=87744"}],"curies":[{"name":"wp","href":"https:\/\/api.w.org\/{rel}","templated":true}]}}