{"id":87801,"date":"2022-09-29T17:49:27","date_gmt":"2022-09-29T17:49:27","guid":{"rendered":"https:\/\/sertv.gob.pa\/nacionalfm\/?p=87801"},"modified":"2022-09-29T17:49:27","modified_gmt":"2022-09-29T17:49:27","slug":"biden-declara-el-estado-de-desastre-en-florida-eeuu-por-el-paso-del-huracan-ian","status":"publish","type":"post","link":"https:\/\/sertv.gob.pa\/nacionalfm\/biden-declara-el-estado-de-desastre-en-florida-eeuu-por-el-paso-del-huracan-ian\/","title":{"rendered":"Biden declara el estado de desastre en Florida (EEUU) por el paso del hurac\u00e1n &#8216;Ian&#8217;"},"content":{"rendered":"<p><strong><em>\u00a0<\/em><\/strong><\/p>\n<p><strong><em>MADRID, (EUROPA PRESS) &#8211;<\/em><\/strong><\/p>\n<p>&nbsp;<\/p>\n<p>El presidente de Estados Unidos, Joe Biden, ha declarado este jueves el estado de desastre en el estado de Florida por el paso del hurac\u00e1n de categor\u00eda 4 &#8216;Ian&#8217;, que ha dejado a casi dos millones de personas sin suministro el\u00e9ctrico tras tocar tierra con vientos de hasta 240 kil\u00f3metros por hora.<\/p>\n<p>Con dicha declaraci\u00f3n, el mandatario ha ordenado la entrega de ayuda federal a las autoridades locales para que pongan en marcha labores de recuperaci\u00f3n en las \u00e1reas m\u00e1s afectadas, especialmente en los condados de Charlotte, Collier, DeSoto, Hardee, Hillsborough, Lee, Manatee, Pinellas y Sarasota.<\/p>\n<p>La asistencia incluye fondos para el refugio temporal y la reparaci\u00f3n de viviendas, as\u00ed como pr\u00e9stamos para cubrir las p\u00e9rdidas de bienes inmuebles y otras propiedades. Adem\u00e1s, tambi\u00e9n permite a Florida acceder a los programas de ayudas para empresas y aut\u00f3nomos.<\/p>\n<p>Las autoridades contin\u00faan evaluando la extensi\u00f3n y el coste de los da\u00f1os provocados hasta el momento por el hurac\u00e1n, por lo que podr\u00edan introducirse nuevas \u00e1reas susceptibles de acogerse a estas ayudas.<\/p>\n<p>&nbsp;<\/p>\n<p>Fuente: EUROPA PRESS<\/p>\n","protected":false},"excerpt":{"rendered":"<p>\u00a0 MADRID, (EUROPA PRESS) &#8211; &nbsp; El presidente de Estados <a href=\"https:\/\/sertv.gob.pa\/nacionalfm\/biden-declara-el-estado-de-desastre-en-florida-eeuu-por-el-paso-del-huracan-ian\/\"> [&#8230;]<\/a><\/p>\n","protected":false},"author":9,"featured_media":87802,"comment_status":"closed","ping_status":"closed","sticky":false,"template":"","format":"standard","meta":{"footnotes":""},"categories":[3],"tags":[],"class_list":["post-87801","post","type-post","status-publish","format-standard","has-post-thumbnail","hentry","category-internacionales"],"_links":{"self":[{"href":"https:\/\/sertv.gob.pa\/nacionalfm\/wp-json\/wp\/v2\/posts\/87801","targetHints":{"allow":["GET"]}}],"collection":[{"href":"https:\/\/sertv.gob.pa\/nacionalfm\/wp-json\/wp\/v2\/posts"}],"about":[{"href":"https:\/\/sertv.gob.pa\/nacionalfm\/wp-json\/wp\/v2\/types\/post"}],"author":[{"embeddable":true,"href":"https:\/\/sertv.gob.pa\/nacionalfm\/wp-json\/wp\/v2\/users\/9"}],"replies":[{"embeddable":true,"href":"https:\/\/sertv.gob.pa\/nacionalfm\/wp-json\/wp\/v2\/comments?post=87801"}],"version-history":[{"count":1,"href":"https:\/\/sertv.gob.pa\/nacionalfm\/wp-json\/wp\/v2\/posts\/87801\/revisions"}],"predecessor-version":[{"id":87803,"href":"https:\/\/sertv.gob.pa\/nacionalfm\/wp-json\/wp\/v2\/posts\/87801\/revisions\/87803"}],"wp:featuredmedia":[{"embeddable":true,"href":"https:\/\/sertv.gob.pa\/nacionalfm\/wp-json\/wp\/v2\/media\/87802"}],"wp:attachment":[{"href":"https:\/\/sertv.gob.pa\/nacionalfm\/wp-json\/wp\/v2\/media?parent=87801"}],"wp:term":[{"taxonomy":"category","embeddable":true,"href":"https:\/\/sertv.gob.pa\/nacionalfm\/wp-json\/wp\/v2\/categories?post=87801"},{"taxonomy":"post_tag","embeddable":true,"href":"https:\/\/sertv.gob.pa\/nacionalfm\/wp-json\/wp\/v2\/tags?post=87801"}],"curies":[{"name":"wp","href":"https:\/\/api.w.org\/{rel}","templated":true}]}}