{"id":87877,"date":"2022-10-03T14:05:13","date_gmt":"2022-10-03T14:05:13","guid":{"rendered":"https:\/\/sertv.gob.pa\/nacionalfm\/?p=87877"},"modified":"2022-10-03T14:05:13","modified_gmt":"2022-10-03T14:05:13","slug":"presidente-cortizo-cohen-anuncia-que-se-permitira-celebrar-carnavales-en-2023","status":"publish","type":"post","link":"https:\/\/sertv.gob.pa\/nacionalfm\/presidente-cortizo-cohen-anuncia-que-se-permitira-celebrar-carnavales-en-2023\/","title":{"rendered":"Presidente Cortizo Cohen anuncia que se permitir\u00e1 celebrar carnavales en 2023"},"content":{"rendered":"<ul>\n<li>El presidente Laurentino Cortizo Cohen anunci\u00f3 que la baja en el porcentaje de positividad por COVID-19, permite que se vuelvan a celebrar los carnavales.<\/li>\n<li>De igual forma, se podr\u00e1n realizar ferias, cabalgatas y el Festival de las Mil Polleras.<\/li>\n<\/ul>\n<p>&nbsp;<\/p>\n<p>El presidente de la Rep\u00fablica de Panam\u00e1, Laurentino Cortizo Cohen, anunci\u00f3 que el pr\u00f3ximo a\u00f1o 2023, se permitir\u00e1 la celebraci\u00f3n de los carnavales en todo el pa\u00eds, ante la baja en el porcentaje de positividad por el COVID-19.<\/p>\n<p>Cortizo Cohen, inform\u00f3 que, el porcentaje de positividad por el COVID-19 est\u00e1 por debajo del 5% en Panam\u00e1.\u00a0\u00a0\u201cEso quiere decir que hay que cuidarse\u201d, dijo.<\/p>\n<p>\u201cAprovecho la oportunidad para anunciar que los que tienen inter\u00e9s en carnavalear, vamos a tener carnavales.\u00a0\u00a0Los que tienen inter\u00e9s en las Mil Polleras, vamos a tener las Mil Polleras.\u00a0\u00a0Los que tienen inter\u00e9s en ferias con cabalgatas, vamos a tenerlas\u201d, expres\u00f3 el gobernante.<\/p>\n<p>Los pr\u00f3ximos carnavales, se celebran en Panam\u00e1 desde el 18 al 21 de febrero de 2023.\u00a0\u00a0Para salvaguardar la vida y salud de la poblaci\u00f3n, el Gobierno Nacional no permiti\u00f3 la celebraci\u00f3n de los carnavales en los a\u00f1os 2021 y 2022 debido a la pandemia del COVID-19.<\/p>\n<p>El anuncio de la celebraci\u00f3n de los carnavales en 2023, fue hecho por el presidente Cortizo Cohen, poco antes de finalizar la entrega de beneficios en la Gira de Trabajo Comunitario (GTC) Tierra Adentro en\u00a0Las Margaritas de Chepo, con una inversi\u00f3n de\u00a0B\/. 4,911,697.56.<\/p>\n<p>En la GTC de Chepo, la ministra de Salud encargada, Ivette Berrio, anunci\u00f3 la entrega del proyecto de ampliaci\u00f3n del Policentro de Chepo, con una inversi\u00f3n de B\/. 2,334,828.17.\u00a0\u00a0La obra, beneficia a 23 mil 842 habitantes, fue concluida en el mes de agosto y est\u00e1 pendiente de inauguraci\u00f3n.<\/p>\n<p>&nbsp;<\/p>\n<p>Fuente: Presidencia de la Rep\u00fablica de Panam\u00e1<\/p>\n","protected":false},"excerpt":{"rendered":"<p>El presidente Laurentino Cortizo Cohen anunci\u00f3 que la baja en <a href=\"https:\/\/sertv.gob.pa\/nacionalfm\/presidente-cortizo-cohen-anuncia-que-se-permitira-celebrar-carnavales-en-2023\/\"> [&#8230;]<\/a><\/p>\n","protected":false},"author":9,"featured_media":87878,"comment_status":"closed","ping_status":"closed","sticky":false,"template":"","format":"standard","meta":{"footnotes":""},"categories":[2],"tags":[],"class_list":["post-87877","post","type-post","status-publish","format-standard","has-post-thumbnail","hentry","category-nacionales"],"_links":{"self":[{"href":"https:\/\/sertv.gob.pa\/nacionalfm\/wp-json\/wp\/v2\/posts\/87877","targetHints":{"allow":["GET"]}}],"collection":[{"href":"https:\/\/sertv.gob.pa\/nacionalfm\/wp-json\/wp\/v2\/posts"}],"about":[{"href":"https:\/\/sertv.gob.pa\/nacionalfm\/wp-json\/wp\/v2\/types\/post"}],"author":[{"embeddable":true,"href":"https:\/\/sertv.gob.pa\/nacionalfm\/wp-json\/wp\/v2\/users\/9"}],"replies":[{"embeddable":true,"href":"https:\/\/sertv.gob.pa\/nacionalfm\/wp-json\/wp\/v2\/comments?post=87877"}],"version-history":[{"count":1,"href":"https:\/\/sertv.gob.pa\/nacionalfm\/wp-json\/wp\/v2\/posts\/87877\/revisions"}],"predecessor-version":[{"id":87879,"href":"https:\/\/sertv.gob.pa\/nacionalfm\/wp-json\/wp\/v2\/posts\/87877\/revisions\/87879"}],"wp:featuredmedia":[{"embeddable":true,"href":"https:\/\/sertv.gob.pa\/nacionalfm\/wp-json\/wp\/v2\/media\/87878"}],"wp:attachment":[{"href":"https:\/\/sertv.gob.pa\/nacionalfm\/wp-json\/wp\/v2\/media?parent=87877"}],"wp:term":[{"taxonomy":"category","embeddable":true,"href":"https:\/\/sertv.gob.pa\/nacionalfm\/wp-json\/wp\/v2\/categories?post=87877"},{"taxonomy":"post_tag","embeddable":true,"href":"https:\/\/sertv.gob.pa\/nacionalfm\/wp-json\/wp\/v2\/tags?post=87877"}],"curies":[{"name":"wp","href":"https:\/\/api.w.org\/{rel}","templated":true}]}}