{"id":87916,"date":"2022-10-03T20:12:00","date_gmt":"2022-10-03T20:12:00","guid":{"rendered":"https:\/\/sertv.gob.pa\/nacionalfm\/?p=87916"},"modified":"2022-10-03T20:12:00","modified_gmt":"2022-10-03T20:12:00","slug":"minsa-entrega-nuevo-policentro-en-el-distrito-de-chepo","status":"publish","type":"post","link":"https:\/\/sertv.gob.pa\/nacionalfm\/minsa-entrega-nuevo-policentro-en-el-distrito-de-chepo\/","title":{"rendered":"MINSA entrega nuevo Policentro, en el distrito de Chepo"},"content":{"rendered":"<p>M\u00e1s de 30 mil habitantes de Chepo y \u00e1reas aleda\u00f1as, se ver\u00e1n beneficiados con el nuevo Policentro de Salud del Ministerio de Salud (MINSA), en este distrito de Panam\u00e1 Este.<\/p>\n<p>Carlos Batista, director regional del MINSA en Panam\u00e1 Este, especific\u00f3 que, esta importante obra, ofrecer\u00e1 atenci\u00f3n en diversas especialidades, tales como: urgencias, pediatr\u00eda, odontolog\u00eda, estimulaci\u00f3n temprana, ginecolog\u00eda, psiquiatr\u00eda, sicolog\u00eda y farmacia entre otros.<\/p>\n<p>Esta infraestructura, cuyo valor asciende a m\u00e1s de 3 millones de balboas, fue entregada durante la pasada Gira de Trabajo Comunitario (GTC) en Chepo, encabezada por el presidente, Laurentino Cortizo Cohen, en compa\u00f1\u00eda de la viceministra de Salud, Ivette Berrio, contar\u00e1 tambi\u00e9n con un laboratorio de referencia para la regi\u00f3n, el cual servir\u00e1 para el diagn\u00f3stico de la malaria, al igual que control de vectores y saneamiento ambiental.<\/p>\n<p>Batista, dijo que, esta nueva instalaci\u00f3n sanitaria, la cual est\u00e1 ubicada en la v\u00eda Interamericana, beneficiar\u00e1 adem\u00e1s los residentes de zonas aleda\u00f1as de Tort\u00ed, Las Margaritas y Guna Yala.<\/p>\n<p>&nbsp;<\/p>\n<p>Fuente: MINSA<\/p>\n","protected":false},"excerpt":{"rendered":"<p>M\u00e1s de 30 mil habitantes de Chepo y \u00e1reas aleda\u00f1as, <a href=\"https:\/\/sertv.gob.pa\/nacionalfm\/minsa-entrega-nuevo-policentro-en-el-distrito-de-chepo\/\"> [&#8230;]<\/a><\/p>\n","protected":false},"author":9,"featured_media":87917,"comment_status":"closed","ping_status":"closed","sticky":false,"template":"","format":"standard","meta":{"footnotes":""},"categories":[5],"tags":[],"class_list":["post-87916","post","type-post","status-publish","format-standard","has-post-thumbnail","hentry","category-salud"],"_links":{"self":[{"href":"https:\/\/sertv.gob.pa\/nacionalfm\/wp-json\/wp\/v2\/posts\/87916","targetHints":{"allow":["GET"]}}],"collection":[{"href":"https:\/\/sertv.gob.pa\/nacionalfm\/wp-json\/wp\/v2\/posts"}],"about":[{"href":"https:\/\/sertv.gob.pa\/nacionalfm\/wp-json\/wp\/v2\/types\/post"}],"author":[{"embeddable":true,"href":"https:\/\/sertv.gob.pa\/nacionalfm\/wp-json\/wp\/v2\/users\/9"}],"replies":[{"embeddable":true,"href":"https:\/\/sertv.gob.pa\/nacionalfm\/wp-json\/wp\/v2\/comments?post=87916"}],"version-history":[{"count":1,"href":"https:\/\/sertv.gob.pa\/nacionalfm\/wp-json\/wp\/v2\/posts\/87916\/revisions"}],"predecessor-version":[{"id":87918,"href":"https:\/\/sertv.gob.pa\/nacionalfm\/wp-json\/wp\/v2\/posts\/87916\/revisions\/87918"}],"wp:featuredmedia":[{"embeddable":true,"href":"https:\/\/sertv.gob.pa\/nacionalfm\/wp-json\/wp\/v2\/media\/87917"}],"wp:attachment":[{"href":"https:\/\/sertv.gob.pa\/nacionalfm\/wp-json\/wp\/v2\/media?parent=87916"}],"wp:term":[{"taxonomy":"category","embeddable":true,"href":"https:\/\/sertv.gob.pa\/nacionalfm\/wp-json\/wp\/v2\/categories?post=87916"},{"taxonomy":"post_tag","embeddable":true,"href":"https:\/\/sertv.gob.pa\/nacionalfm\/wp-json\/wp\/v2\/tags?post=87916"}],"curies":[{"name":"wp","href":"https:\/\/api.w.org\/{rel}","templated":true}]}}