{"id":87919,"date":"2022-10-03T20:30:59","date_gmt":"2022-10-03T20:30:59","guid":{"rendered":"https:\/\/sertv.gob.pa\/nacionalfm\/?p=87919"},"modified":"2022-10-03T20:30:59","modified_gmt":"2022-10-03T20:30:59","slug":"lula-y-bolsonaro-cierran-la-primera-vuelta-mas-ajustada-desde-que-brasil-retorno-a-la-democracia","status":"publish","type":"post","link":"https:\/\/sertv.gob.pa\/nacionalfm\/lula-y-bolsonaro-cierran-la-primera-vuelta-mas-ajustada-desde-que-brasil-retorno-a-la-democracia\/","title":{"rendered":"Lula y Bolsonaro cierran la primera vuelta m\u00e1s ajustada desde que Brasil retorn\u00f3 a la democracia"},"content":{"rendered":"<p><strong><em>MADRID, (EUROPA PRESS) &#8211;<\/em><\/strong><\/p>\n<p>&nbsp;<\/p>\n<p>Jair Bolsonaro y Luiz In\u00e1cio Lula da Silva se disputar\u00e1n finalmente la Presidencia de Brasil el pr\u00f3ximo 30 de octubre, uno de los escenarios contemplados para unas elecciones m\u00e1s re\u00f1idas de lo previsto, seg\u00fan hab\u00edan estado pronosticando las encuestas, tanto es as\u00ed que los resultados de esta primera vuelta son ya los m\u00e1s apretados desde que Brasil retom\u00f3 la senda de la democracia con los comicios de 1989.<\/p>\n<p>Tal y como han mostrado los resultados de esta primer envite entre Lula y Bolsonaro, la polarizaci\u00f3n del pueblo brasile\u00f1o no solo contin\u00faa sino que adem\u00e1s deja dos propuestas antag\u00f3nicas m\u00e1s igualadas de lo que cabr\u00eda esperar. El presidente brasile\u00f1o ha roto todos los pron\u00f3sticos y ha logrado el 43,3 por ciento de los votos por 48,2 por ciento de su rival, una diferencia de 5,1 puntos.<\/p>\n<p>Hay que remontarse a 2006 para encontrar una primera vuelta tan re\u00f1ida como la de este fin de semana. En aquella ocasi\u00f3n, Lula pas\u00f3 al segundo turno tras lograr el 48,6 por ciento de los votos junto a su hoy candidato a vicepresidente, Geraldo Alckmin, quien se hizo con el 41,6 por ciento de los apoyos.<\/p>\n<p>Con casi el cien por cien de los votos escrutados, ya se conoce que Lula se ha impuesto en catorce estados brasile\u00f1os y ha conseguido la confianza del voto del exterior, mientras que Bolsonaro venci\u00f3 en doce estados, incluido Sao Paulo y R\u00edo de Janeiro, as\u00ed como en Brasilia.<\/p>\n<p>Al poco de conocerse los resultados, Lula ha se\u00f1alado que la jornada del 30 de octubre no es m\u00e1s que una \u00abpr\u00f3rroga\u00bb hasta lograr su vuelta al Palacio del Planalto, aunque si bien ha reconocido que durante este periodo tocar\u00e1 \u00abhablar m\u00e1s con la gente\u00bb encara la cuesti\u00f3n como una forma de \u00abmadurar\u00bb sus propuestas.<\/p>\n<p>\u00abTen\u00eda pensado ganar en la primera vuelta, coger tres d\u00edas de descanso, hace una peque\u00f1a luna de miel, pero voy a tener que esperar para el 30 de octubre\u00bb, ha dicho el expresidente brasile\u00f1o. \u00abPara desgracia de algunos tengo 30 d\u00edas m\u00e1s de campa\u00f1a (&#8230;) Es la segunda oportunidad que me da el pueblo brasile\u00f1o\u00bb, ha celebrado.<\/p>\n<p>\u00abNunca he ganado unas elecciones en primera vuelta. Todas a las que me he postulado han sido en segunda vuelta. Lo importante es que la segunda vuelta es una oportunidad para que madures tus propuestas y tu conversaci\u00f3n con la sociedad\u00bb, ha dicho Lula, quien ya ha adelantado conversaciones con sus \u00abadversarios\u00bb y \u00abamigos\u00bb.<\/p>\n<p>La alusi\u00f3n es clara a una tercera v\u00eda que le ha dejado sin triunfo en la primera vuelta. Simone Tebet ha sido una de las sorpresas de la jornada electoral tras lograr el cuatro por ciento de los votos y erigirse en la tercera opci\u00f3n entre los brasile\u00f1os en detrimento del otro aspirante, Ciro Gomes.<\/p>\n<p>La senadora y candidata del Movimiento Democr\u00e1tico Brasile\u00f1o (MDB), que ya en campa\u00f1a afirm\u00f3 que apoyar\u00eda \u00abla democracia\u00bb en una segunda vuelta, ha explicado que antes de anunciar su postura debe consultar con los l\u00edderes de los partidos de su alianza, el Parido de la Socialdemocracia Brasile\u00f1a (PSDB), Cidadania y Podemos.<\/p>\n<p>En esa l\u00ednea se ha manifestado Gomes, que ha pedido tiempo antes de anunciar a qui\u00e9n apoyar\u00e1 en segunda vuelta. El candidato del Partido Democr\u00e1tico Laborista (PDT), a quien se le ha reprochado la beligerancia mostrada hacia su antiguo aliado Lula, ha expresado sentirse \u00abprofundamente preocupado\u00bb por el panorama pol\u00edtico en Brasil. \u00abNunca vi una situaci\u00f3n tan compleja, tan desafiante\u00bb, ha dicho.<\/p>\n<p>Por su parte, Bolsonaro ha reconocido que los resultados son una muestra de que el pueblo brasile\u00f1o aspira a un cambio, pero ha alertado de que \u00abhay ciertos cambios que pueden salir a peor\u00bb.<\/p>\n<p>\u00abEntiendo que ha habido muchos votos por la condici\u00f3n del pueblo brasile\u00f1o, que sinti\u00f3 el aumento de productos. Hemos intentado durante la campa\u00f1a mostrar ese otro lado, pero parece que no ha llegado a las capas m\u00e1s importante de la sociedad\u00bb, ha lamentado el presidente brasile\u00f1o, quien tambi\u00e9n ha tendido la mano a Tebet y Gomes.<\/p>\n<p>\u00abTenemos una segunda vuelta por delante donde todo vuelve a ser igual (&#8230;) Ahora vamos a explicar mejor a la poblaci\u00f3n brasile\u00f1a, especialmente a las clases m\u00e1s afectadas\u00bb, ha anunciado Bolsonaro.<\/p>\n<p>&nbsp;<\/p>\n<p>Fuente: EUROPA PRESS<\/p>\n","protected":false},"excerpt":{"rendered":"<p>MADRID, (EUROPA PRESS) &#8211; &nbsp; Jair Bolsonaro y Luiz In\u00e1cio <a href=\"https:\/\/sertv.gob.pa\/nacionalfm\/lula-y-bolsonaro-cierran-la-primera-vuelta-mas-ajustada-desde-que-brasil-retorno-a-la-democracia\/\"> [&#8230;]<\/a><\/p>\n","protected":false},"author":9,"featured_media":87920,"comment_status":"closed","ping_status":"closed","sticky":false,"template":"","format":"standard","meta":{"footnotes":""},"categories":[3],"tags":[],"class_list":["post-87919","post","type-post","status-publish","format-standard","has-post-thumbnail","hentry","category-internacionales"],"_links":{"self":[{"href":"https:\/\/sertv.gob.pa\/nacionalfm\/wp-json\/wp\/v2\/posts\/87919","targetHints":{"allow":["GET"]}}],"collection":[{"href":"https:\/\/sertv.gob.pa\/nacionalfm\/wp-json\/wp\/v2\/posts"}],"about":[{"href":"https:\/\/sertv.gob.pa\/nacionalfm\/wp-json\/wp\/v2\/types\/post"}],"author":[{"embeddable":true,"href":"https:\/\/sertv.gob.pa\/nacionalfm\/wp-json\/wp\/v2\/users\/9"}],"replies":[{"embeddable":true,"href":"https:\/\/sertv.gob.pa\/nacionalfm\/wp-json\/wp\/v2\/comments?post=87919"}],"version-history":[{"count":1,"href":"https:\/\/sertv.gob.pa\/nacionalfm\/wp-json\/wp\/v2\/posts\/87919\/revisions"}],"predecessor-version":[{"id":87921,"href":"https:\/\/sertv.gob.pa\/nacionalfm\/wp-json\/wp\/v2\/posts\/87919\/revisions\/87921"}],"wp:featuredmedia":[{"embeddable":true,"href":"https:\/\/sertv.gob.pa\/nacionalfm\/wp-json\/wp\/v2\/media\/87920"}],"wp:attachment":[{"href":"https:\/\/sertv.gob.pa\/nacionalfm\/wp-json\/wp\/v2\/media?parent=87919"}],"wp:term":[{"taxonomy":"category","embeddable":true,"href":"https:\/\/sertv.gob.pa\/nacionalfm\/wp-json\/wp\/v2\/categories?post=87919"},{"taxonomy":"post_tag","embeddable":true,"href":"https:\/\/sertv.gob.pa\/nacionalfm\/wp-json\/wp\/v2\/tags?post=87919"}],"curies":[{"name":"wp","href":"https:\/\/api.w.org\/{rel}","templated":true}]}}