{"id":8795,"date":"2015-11-17T18:40:10","date_gmt":"2015-11-17T18:40:10","guid":{"rendered":""},"modified":"2015-11-17T18:40:10","modified_gmt":"2015-11-17T18:40:10","slug":"trasplante-de-cara-mas-complejo-hasta-la-fecha-fue-realizado","status":"publish","type":"post","link":"https:\/\/sertv.gob.pa\/nacionalfm\/trasplante-de-cara-mas-complejo-hasta-la-fecha-fue-realizado\/","title":{"rendered":"Trasplante de cara m\u00e1s complejo hasta la fecha fue realizado"},"content":{"rendered":"<p>\nUn equipo m\u00e9dico de Nueva York ha efectuado el trasplante de cara m\u00e1s complejo jam\u00e1s hecho hasta la fecha a un bombero que necesitaba tejidos en el rostro, el cr\u00e1neo y parte del cuello, inform\u00f3\u00a0el NYU  Langone Medical Center . <\/p>\n<p>El paciente, identificado como Patrick Hardison, de 41 a\u00f1os, fue intervenido hasta en 71 ocasiones por un equipo liderado por el m\u00e9dico cubano-estadounidense Eduardo Rodr\u00edguez, el mismo que realiz\u00f3 en Francia en 2005 el primer trasplante de cara de la historia. <\/p>\n<p>La intervenci\u00f3n, que se llev\u00f3 a cabo en agosto pasado y dur\u00f3 26 horas, fue posible gracias a los tejidos de un joven donante que muri\u00f3 en un accidente de bicicleta este a\u00f1o en Brooklyn, seg\u00fan explic\u00f3 la instituci\u00f3n neoyorquina. <\/p>\n<p>Hardison sufri\u00f3 quemaduras de tercer grado hace 14\u00a0a\u00f1os cuando laboraba como bombero voluntario y al entrar en una casa en llamas en busca de una mujer, el techo se derrumb\u00f3 sobre \u00e9l. <\/p>\n<p>En un primer momento se le realiz\u00f3 un trasplante con tejidos de sus propias piernas, pero perdi\u00f3 las orejas, los labios, la mayor parte de la nariz y los ojos. Explic\u00f3 que antes del verano (desde el 21 de junio en el hemisferio norte) Hardison \u00abse hab\u00eda quedado pr\u00e1cticamente ciego\u00bb. <\/p>\n<p>\u00abSu cara era solamente una cicatriz gigantesca\u00bb, record\u00f3 el cirujano. <\/p>\n<p>El paciente podr\u00e1 recuperar la visi\u00f3n e incluso, seg\u00fan el equipo m\u00e9dico del hospital neoyorquino, volver a manejar veh\u00edculos. <\/p>\n<p>\u00a0 <\/p>\n","protected":false},"excerpt":{"rendered":"<p>Un equipo m\u00e9dico de Nueva York ha efectuado el trasplante <a href=\"https:\/\/sertv.gob.pa\/nacionalfm\/trasplante-de-cara-mas-complejo-hasta-la-fecha-fue-realizado\/\"> [&#8230;]<\/a><\/p>\n","protected":false},"author":1,"featured_media":8796,"comment_status":"closed","ping_status":"closed","sticky":false,"template":"","format":"standard","meta":{"footnotes":""},"categories":[5],"tags":[],"class_list":["post-8795","post","type-post","status-publish","format-standard","has-post-thumbnail","hentry","category-salud"],"_links":{"self":[{"href":"https:\/\/sertv.gob.pa\/nacionalfm\/wp-json\/wp\/v2\/posts\/8795","targetHints":{"allow":["GET"]}}],"collection":[{"href":"https:\/\/sertv.gob.pa\/nacionalfm\/wp-json\/wp\/v2\/posts"}],"about":[{"href":"https:\/\/sertv.gob.pa\/nacionalfm\/wp-json\/wp\/v2\/types\/post"}],"author":[{"embeddable":true,"href":"https:\/\/sertv.gob.pa\/nacionalfm\/wp-json\/wp\/v2\/users\/1"}],"replies":[{"embeddable":true,"href":"https:\/\/sertv.gob.pa\/nacionalfm\/wp-json\/wp\/v2\/comments?post=8795"}],"version-history":[{"count":0,"href":"https:\/\/sertv.gob.pa\/nacionalfm\/wp-json\/wp\/v2\/posts\/8795\/revisions"}],"wp:featuredmedia":[{"embeddable":true,"href":"https:\/\/sertv.gob.pa\/nacionalfm\/wp-json\/wp\/v2\/media\/8796"}],"wp:attachment":[{"href":"https:\/\/sertv.gob.pa\/nacionalfm\/wp-json\/wp\/v2\/media?parent=8795"}],"wp:term":[{"taxonomy":"category","embeddable":true,"href":"https:\/\/sertv.gob.pa\/nacionalfm\/wp-json\/wp\/v2\/categories?post=8795"},{"taxonomy":"post_tag","embeddable":true,"href":"https:\/\/sertv.gob.pa\/nacionalfm\/wp-json\/wp\/v2\/tags?post=8795"}],"curies":[{"name":"wp","href":"https:\/\/api.w.org\/{rel}","templated":true}]}}