{"id":87964,"date":"2022-10-04T19:55:26","date_gmt":"2022-10-04T19:55:26","guid":{"rendered":"https:\/\/sertv.gob.pa\/nacionalfm\/?p=87964"},"modified":"2022-10-04T19:55:26","modified_gmt":"2022-10-04T19:55:26","slug":"la-ue-anuncia-30-millones-en-ayuda-humanitaria-a-pakistan-tras-las-inundaciones","status":"publish","type":"post","link":"https:\/\/sertv.gob.pa\/nacionalfm\/la-ue-anuncia-30-millones-en-ayuda-humanitaria-a-pakistan-tras-las-inundaciones\/","title":{"rendered":"La UE anuncia 30 millones en ayuda humanitaria a Pakist\u00e1n tras las inundaciones"},"content":{"rendered":"<p><strong><em>BRUSELAS, (EUROPA PRESS) &#8211;<\/em><\/strong><\/p>\n<p>&nbsp;<\/p>\n<p>La Uni\u00f3n Europea desembolsar\u00e1 30 millones de euros adicionales en ayuda humanitaria a Pakist\u00e1n para hacer frente a las consecuencias de las inundaciones que han arrasado el pa\u00eds este verano, seg\u00fan ha informado el comisario de Gesti\u00f3n de Crisis, Janez Lenarcic.<\/p>\n<p>En el marco de su visita al pa\u00eds, el comisario esloveno ha confirmado esta nueva ayuda que ir\u00e1 a parar a abordar las necesidades urgentes de las poblaciones afectadas por el desastre natural. En concreto al cobijo, acceso al agua y al saneamiento, comida, salud, educaci\u00f3n y protecci\u00f3n e incluir\u00e1 ayudas con dinero en efectivo.<\/p>\n<p>\u00abLa poblaci\u00f3n de Pakist\u00e1n est\u00e1 sufriendo las devastadoras consecuencias de una emergencia por inundaciones sin precedentes. Nuestros pensamientos est\u00e1n con aquellos que perdieron familiares, amigos y sus propios hogares\u00bb, ha afirmado Lenarcic, quien ha subrayado que estos fondos confirman el \u00abcontinuo apoyo\u00bb de la UE a Pakist\u00e1n como pa\u00eds y a sus comunidades m\u00e1s vulnerables, en particular.<\/p>\n<p>Detr\u00e1s de las graves inundaciones se encuentra el calentamiento global, ha valorado el comisario esloveno, que ha apuntado como prioridad que se mejore la preparaci\u00f3n y prevenci\u00f3n de desastres en los proyectos financiados por la UE.<\/p>\n<p>Lenarcic se ha reunido durante su visita a Pakist\u00e1n con el primer ministro, Shehbaz Sharif, as\u00ed como con miembros de su Ejecutivo y representantes de las agencias de Naciones Unidas. M\u00e1s de 1.200 personas murieron como consecuencia de las violentas y torrenciales lluvias que han ca\u00eddo en las \u00faltimas semanas sobre Pakist\u00e1n.<\/p>\n<p>&nbsp;<\/p>\n<p>Fuente: EUROPA PRESS<\/p>\n","protected":false},"excerpt":{"rendered":"<p>BRUSELAS, (EUROPA PRESS) &#8211; &nbsp; La Uni\u00f3n Europea desembolsar\u00e1 30 <a href=\"https:\/\/sertv.gob.pa\/nacionalfm\/la-ue-anuncia-30-millones-en-ayuda-humanitaria-a-pakistan-tras-las-inundaciones\/\"> [&#8230;]<\/a><\/p>\n","protected":false},"author":9,"featured_media":87965,"comment_status":"closed","ping_status":"closed","sticky":false,"template":"","format":"standard","meta":{"footnotes":""},"categories":[3],"tags":[],"class_list":["post-87964","post","type-post","status-publish","format-standard","has-post-thumbnail","hentry","category-internacionales"],"_links":{"self":[{"href":"https:\/\/sertv.gob.pa\/nacionalfm\/wp-json\/wp\/v2\/posts\/87964","targetHints":{"allow":["GET"]}}],"collection":[{"href":"https:\/\/sertv.gob.pa\/nacionalfm\/wp-json\/wp\/v2\/posts"}],"about":[{"href":"https:\/\/sertv.gob.pa\/nacionalfm\/wp-json\/wp\/v2\/types\/post"}],"author":[{"embeddable":true,"href":"https:\/\/sertv.gob.pa\/nacionalfm\/wp-json\/wp\/v2\/users\/9"}],"replies":[{"embeddable":true,"href":"https:\/\/sertv.gob.pa\/nacionalfm\/wp-json\/wp\/v2\/comments?post=87964"}],"version-history":[{"count":1,"href":"https:\/\/sertv.gob.pa\/nacionalfm\/wp-json\/wp\/v2\/posts\/87964\/revisions"}],"predecessor-version":[{"id":87966,"href":"https:\/\/sertv.gob.pa\/nacionalfm\/wp-json\/wp\/v2\/posts\/87964\/revisions\/87966"}],"wp:featuredmedia":[{"embeddable":true,"href":"https:\/\/sertv.gob.pa\/nacionalfm\/wp-json\/wp\/v2\/media\/87965"}],"wp:attachment":[{"href":"https:\/\/sertv.gob.pa\/nacionalfm\/wp-json\/wp\/v2\/media?parent=87964"}],"wp:term":[{"taxonomy":"category","embeddable":true,"href":"https:\/\/sertv.gob.pa\/nacionalfm\/wp-json\/wp\/v2\/categories?post=87964"},{"taxonomy":"post_tag","embeddable":true,"href":"https:\/\/sertv.gob.pa\/nacionalfm\/wp-json\/wp\/v2\/tags?post=87964"}],"curies":[{"name":"wp","href":"https:\/\/api.w.org\/{rel}","templated":true}]}}