{"id":87967,"date":"2022-10-04T20:04:51","date_gmt":"2022-10-04T20:04:51","guid":{"rendered":"https:\/\/sertv.gob.pa\/nacionalfm\/?p=87967"},"modified":"2022-10-04T20:04:51","modified_gmt":"2022-10-04T20:04:51","slug":"biden-anuncia-mas-de-60-millones-de-dolares-en-ayuda-para-que-puerto-rico-haga-frente-a-los-temporales","status":"publish","type":"post","link":"https:\/\/sertv.gob.pa\/nacionalfm\/biden-anuncia-mas-de-60-millones-de-dolares-en-ayuda-para-que-puerto-rico-haga-frente-a-los-temporales\/","title":{"rendered":"Biden anuncia m\u00e1s de 60 millones de d\u00f3lares en ayuda para que Puerto Rico haga frente a los temporales"},"content":{"rendered":"<p><strong><em>MADRID, (EUROPA PRESS) &#8211;<\/em><\/strong><\/p>\n<p>&nbsp;<\/p>\n<p>El presidente de Estados Unidos, Joe Biden, ha anunciado este lunes que proporcionar\u00e1 m\u00e1s de 60 millones de d\u00f3lares a Puerto Rico, tras el hurac\u00e1n &#8216;Fiona&#8217;, para que las zonas costeras est\u00e9n preparadas de cara a las tormentas.<\/p>\n<p>\u00abHoy he anunciado m\u00e1s de 60 millones de d\u00f3lares en fondos para ayudar a las zonas costeras de Puerto Rico a estar mejor preparadas para las tormentas\u00bb, ha indicado Biden en su perfil de la red social Twitter.<\/p>\n<p>Adem\u00e1s, ha indicado que la Administraci\u00f3n Biden ha anunciado casi 700 millones de d\u00f3lares en inversiones en infraestructuras de Puerto.<\/p>\n<p>Biden ha declarado as\u00ed que Washington est\u00e1 comprometido con la isla para ayudar a que se recupere tanto del hurac\u00e1n &#8216;Fiona&#8217; como de otros desastres naturales futuros. Este anuncio es una peque\u00f1a parte de la asistencia general que est\u00e1 dispuesto a proporcionar al territorio, recoge la agencia DPA.<\/p>\n<p>\u00abEstoy decidido a ayudar a Puerto Rico a construir m\u00e1s r\u00e1pido que en el pasado y m\u00e1s fuerte y mejor preparado para el futuro\u00bb, ha afirmado el mandatario estadounidense.<\/p>\n<p>El presidente y la primera dama, Jill Biden, aterrizaron en el Aeropuerto Internacional Mercedita de Ponce, la mayor ciudad de la regi\u00f3n sur de la isla, que sufri\u00f3 una serie de devastadores terremotos hace dos a\u00f1os y fue duramente afectada por las inundaciones de Fiona el mes pasado.<\/p>\n<p>Durante un discurso de 15 minutos, Biden reconoci\u00f3 la cadena de desastres naturales que Puerto Rico ha enfrentado en los \u00faltimos a\u00f1os, incluyendo el hurac\u00e1n Mar\u00eda, que mat\u00f3 a miles de personas en 2017 y dej\u00f3 a los residentes lidiando con dif\u00edciles condiciones de vida.<\/p>\n<p>\u00abSin embargo, de alguna manera el pueblo de Puerto Rico sigue levant\u00e1ndose con resiliencia y determinaci\u00f3n\u00bb, dijo Biden. \u00abFrancamente, es bastante extraordinario cuando lo miras desde lejos\u00bb.<\/p>\n<p>&nbsp;<\/p>\n<p>Fuente: EUROPA PRESS<\/p>\n<p>&nbsp;<\/p>\n","protected":false},"excerpt":{"rendered":"<p>MADRID, (EUROPA PRESS) &#8211; &nbsp; El presidente de Estados Unidos, <a href=\"https:\/\/sertv.gob.pa\/nacionalfm\/biden-anuncia-mas-de-60-millones-de-dolares-en-ayuda-para-que-puerto-rico-haga-frente-a-los-temporales\/\"> [&#8230;]<\/a><\/p>\n","protected":false},"author":9,"featured_media":87968,"comment_status":"closed","ping_status":"closed","sticky":false,"template":"","format":"standard","meta":{"footnotes":""},"categories":[3],"tags":[],"class_list":["post-87967","post","type-post","status-publish","format-standard","has-post-thumbnail","hentry","category-internacionales"],"_links":{"self":[{"href":"https:\/\/sertv.gob.pa\/nacionalfm\/wp-json\/wp\/v2\/posts\/87967","targetHints":{"allow":["GET"]}}],"collection":[{"href":"https:\/\/sertv.gob.pa\/nacionalfm\/wp-json\/wp\/v2\/posts"}],"about":[{"href":"https:\/\/sertv.gob.pa\/nacionalfm\/wp-json\/wp\/v2\/types\/post"}],"author":[{"embeddable":true,"href":"https:\/\/sertv.gob.pa\/nacionalfm\/wp-json\/wp\/v2\/users\/9"}],"replies":[{"embeddable":true,"href":"https:\/\/sertv.gob.pa\/nacionalfm\/wp-json\/wp\/v2\/comments?post=87967"}],"version-history":[{"count":1,"href":"https:\/\/sertv.gob.pa\/nacionalfm\/wp-json\/wp\/v2\/posts\/87967\/revisions"}],"predecessor-version":[{"id":87969,"href":"https:\/\/sertv.gob.pa\/nacionalfm\/wp-json\/wp\/v2\/posts\/87967\/revisions\/87969"}],"wp:featuredmedia":[{"embeddable":true,"href":"https:\/\/sertv.gob.pa\/nacionalfm\/wp-json\/wp\/v2\/media\/87968"}],"wp:attachment":[{"href":"https:\/\/sertv.gob.pa\/nacionalfm\/wp-json\/wp\/v2\/media?parent=87967"}],"wp:term":[{"taxonomy":"category","embeddable":true,"href":"https:\/\/sertv.gob.pa\/nacionalfm\/wp-json\/wp\/v2\/categories?post=87967"},{"taxonomy":"post_tag","embeddable":true,"href":"https:\/\/sertv.gob.pa\/nacionalfm\/wp-json\/wp\/v2\/tags?post=87967"}],"curies":[{"name":"wp","href":"https:\/\/api.w.org\/{rel}","templated":true}]}}