{"id":87975,"date":"2022-10-04T20:48:20","date_gmt":"2022-10-04T20:48:20","guid":{"rendered":"https:\/\/sertv.gob.pa\/nacionalfm\/?p=87975"},"modified":"2022-10-04T20:48:20","modified_gmt":"2022-10-04T20:48:20","slug":"ministro-alfaro-boyd-destaca-potencial-de-exportacion-de-las-industrias-lacteas-panamenas","status":"publish","type":"post","link":"https:\/\/sertv.gob.pa\/nacionalfm\/ministro-alfaro-boyd-destaca-potencial-de-exportacion-de-las-industrias-lacteas-panamenas\/","title":{"rendered":"Ministro Alfaro Boyd destaca potencial de exportaci\u00f3n de las industrias l\u00e1cteas paname\u00f1as"},"content":{"rendered":"<p>En fecha reciente, la planta de producci\u00f3n de la empresa Industrias L\u00e1cteas S. A. (Estrella Azul), recibi\u00f3 la visita del ministro de Comercio e Industrias de Panam\u00e1, Federico Alfaro Boyd, quien durante el recorrido, exalt\u00f3 el alto potencial demostrado por las agroindustrias paname\u00f1as pertenecientes al sector lechero, las cuales han logrado ampliar exitosamente sus mercados de exportaci\u00f3n.<\/p>\n<p>\u201cGracias al acompa\u00f1amiento del MICI y la visi\u00f3n de sus directivos, Industrias L\u00e1cteas, S.A. ahora exporta a pa\u00edses del Caribe como: Aruba, Curazao y Bonaire, a la vez que exploran la posibilidad de incorporar otra gama de productos a su oferta exportable, siendo ejemplo de la tenacidad y los est\u00e1ndares de calidad que presentan nuestras agroindustrias\u201d, manifest\u00f3 el ministro Alfaro Boyd, quien durante su trayecto, estuvo acompa\u00f1ado por el viceministro de Comercio Interior e Industrias, Omar Montilla; el viceministro de Comercio Exterior, Juan Carlos Sosa; el director nacional de Promoci\u00f3n de las Exportaciones, Eric Dormoi; y el director nacional de Industrias, Francisco Mola.<\/p>\n<p>El titular del MICI, agradeci\u00f3 a los directivos de la empresa por su aporte la econom\u00eda nacional, ya que, sus operaciones permiten la generaci\u00f3n de m\u00e1s de 1,200 puestos de empleo directos en sus 6 centros de distribuci\u00f3n establecidos a nivel nacional y m\u00e1s de 7,500 de forma indirecta. Tambi\u00e9n por ser el mayor comprador de leche a productores locales, promoviendo el desarrollo de la industria a lo largo de toda su cadena de valor.<\/p>\n<p>La agenda de la visita, incluy\u00f3 una reuni\u00f3n Erick Cruz Sep\u00falveda, gerente general; Adrian Kafie, miembro de la junta directiva de Grupo K; y Fernando Castell\u00f3n, subgerente general de la empresa.<\/p>\n<p>Los ejecutivos, informaron que, su planta est\u00e1 dise\u00f1ada para rebasar las fronteras paname\u00f1as, por lo cual, adelantan tr\u00e1mites para obtener cuatro nuevas certificaciones ISO, cuya implementaci\u00f3n reforzar\u00e1 sus acciones de seguridad industrial, apoyo al medioambiente, entre otras.<\/p>\n<p>Industrias L\u00e1cteas S.A., es una empresa con 65 a\u00f1os de trayectoria, posicionada entre los l\u00edderes en la producci\u00f3n y comercializaci\u00f3n de productos l\u00e1cteos y sus derivados, jugos y bebidas. Su presencia en el mercado local, es a trav\u00e9s de 147 productos. Fuera de Panam\u00e1, exportan marcas como: jugos Estrella Azul y n\u00e9ctares Del Prado.<\/p>\n<p>&nbsp;<\/p>\n<p>Fuente: MICI<\/p>\n","protected":false},"excerpt":{"rendered":"<p>En fecha reciente, la planta de producci\u00f3n de la empresa <a href=\"https:\/\/sertv.gob.pa\/nacionalfm\/ministro-alfaro-boyd-destaca-potencial-de-exportacion-de-las-industrias-lacteas-panamenas\/\"> [&#8230;]<\/a><\/p>\n","protected":false},"author":9,"featured_media":87976,"comment_status":"closed","ping_status":"closed","sticky":false,"template":"","format":"standard","meta":{"footnotes":""},"categories":[2],"tags":[],"class_list":["post-87975","post","type-post","status-publish","format-standard","has-post-thumbnail","hentry","category-nacionales"],"_links":{"self":[{"href":"https:\/\/sertv.gob.pa\/nacionalfm\/wp-json\/wp\/v2\/posts\/87975","targetHints":{"allow":["GET"]}}],"collection":[{"href":"https:\/\/sertv.gob.pa\/nacionalfm\/wp-json\/wp\/v2\/posts"}],"about":[{"href":"https:\/\/sertv.gob.pa\/nacionalfm\/wp-json\/wp\/v2\/types\/post"}],"author":[{"embeddable":true,"href":"https:\/\/sertv.gob.pa\/nacionalfm\/wp-json\/wp\/v2\/users\/9"}],"replies":[{"embeddable":true,"href":"https:\/\/sertv.gob.pa\/nacionalfm\/wp-json\/wp\/v2\/comments?post=87975"}],"version-history":[{"count":1,"href":"https:\/\/sertv.gob.pa\/nacionalfm\/wp-json\/wp\/v2\/posts\/87975\/revisions"}],"predecessor-version":[{"id":87977,"href":"https:\/\/sertv.gob.pa\/nacionalfm\/wp-json\/wp\/v2\/posts\/87975\/revisions\/87977"}],"wp:featuredmedia":[{"embeddable":true,"href":"https:\/\/sertv.gob.pa\/nacionalfm\/wp-json\/wp\/v2\/media\/87976"}],"wp:attachment":[{"href":"https:\/\/sertv.gob.pa\/nacionalfm\/wp-json\/wp\/v2\/media?parent=87975"}],"wp:term":[{"taxonomy":"category","embeddable":true,"href":"https:\/\/sertv.gob.pa\/nacionalfm\/wp-json\/wp\/v2\/categories?post=87975"},{"taxonomy":"post_tag","embeddable":true,"href":"https:\/\/sertv.gob.pa\/nacionalfm\/wp-json\/wp\/v2\/tags?post=87975"}],"curies":[{"name":"wp","href":"https:\/\/api.w.org\/{rel}","templated":true}]}}