{"id":88016,"date":"2022-10-05T18:47:06","date_gmt":"2022-10-05T18:47:06","guid":{"rendered":"https:\/\/sertv.gob.pa\/nacionalfm\/?p=88016"},"modified":"2022-10-05T18:47:06","modified_gmt":"2022-10-05T18:47:06","slug":"lopez-obrador-afirma-que-hay-muchos-mas-candidatos-mejores-que-zelenski-para-el-nobel-de-la-paz","status":"publish","type":"post","link":"https:\/\/sertv.gob.pa\/nacionalfm\/lopez-obrador-afirma-que-hay-muchos-mas-candidatos-mejores-que-zelenski-para-el-nobel-de-la-paz\/","title":{"rendered":"L\u00f3pez Obrador afirma que hay \u00abmuchos m\u00e1s\u00bb candidatos mejores que Zelenski para el Nobel de la Paz"},"content":{"rendered":"<p><strong><em>MADRID, (EUROPA PRESS) &#8211;<\/em><\/strong><\/p>\n<p>&nbsp;<\/p>\n<p>El presidente de M\u00e9xico, Andr\u00e9s Manuel L\u00f3pez Obrador, ha cuestionado que se pueda proponer a su hom\u00f3logo de Ucrania, Volodimir Zelenski, como potencial candidato al premio Nobel de la Paz y ha asegurado que hay \u00abmuchas m\u00e1s\u00bb opciones que, a su juicio, son mejores.<\/p>\n<p>L\u00f3pez Obrador ha cuestionado \u00abcon todo el respeto\u00bb una petici\u00f3n que ha atribuido al Parlamento Europeo y que, en realidad, re\u00fane a decenas de pol\u00edticos europeos que reclamaron en marzo que Zelenski fuese tenido en cuenta para los Nobel de 2022, pese a haberse cerrado el plazo de inscripci\u00f3n.<\/p>\n<p>El mandatario mexicano ha se\u00f1alado que Zelenski es \u00abuno de los actores del conflicto\u00bb. \u00bf\u00bbNo hay otros que luchen por la paz?\u00bb, ha planteado en rueda de prensa, para acto seguido proponer al Papa Francisco y al secretario general de Naciones Unidas, Ant\u00f3nio Guterres.<\/p>\n<p>L\u00f3pez Obrador ha mantenido una postura ambigua en relaci\u00f3n a la guerra de Ucrania y ha evitado sumarse a las sanciones internacionales contra Rusia. Ha propuesto su propio plan de paz para poner fin al conflicto y este mi\u00e9rcoles ha insistido en que M\u00e9xico \u00abno interviene\u00bb en \u00e9l de ninguna manera.<\/p>\n<p><strong><em>\u00a0<\/em><\/strong><\/p>\n<p>Fuente: EUROPA PRESS<\/p>\n<p>&nbsp;<\/p>\n","protected":false},"excerpt":{"rendered":"<p>MADRID, (EUROPA PRESS) &#8211; &nbsp; El presidente de M\u00e9xico, Andr\u00e9s <a href=\"https:\/\/sertv.gob.pa\/nacionalfm\/lopez-obrador-afirma-que-hay-muchos-mas-candidatos-mejores-que-zelenski-para-el-nobel-de-la-paz\/\"> [&#8230;]<\/a><\/p>\n","protected":false},"author":9,"featured_media":88017,"comment_status":"closed","ping_status":"closed","sticky":false,"template":"","format":"standard","meta":{"footnotes":""},"categories":[3],"tags":[],"class_list":["post-88016","post","type-post","status-publish","format-standard","has-post-thumbnail","hentry","category-internacionales"],"_links":{"self":[{"href":"https:\/\/sertv.gob.pa\/nacionalfm\/wp-json\/wp\/v2\/posts\/88016","targetHints":{"allow":["GET"]}}],"collection":[{"href":"https:\/\/sertv.gob.pa\/nacionalfm\/wp-json\/wp\/v2\/posts"}],"about":[{"href":"https:\/\/sertv.gob.pa\/nacionalfm\/wp-json\/wp\/v2\/types\/post"}],"author":[{"embeddable":true,"href":"https:\/\/sertv.gob.pa\/nacionalfm\/wp-json\/wp\/v2\/users\/9"}],"replies":[{"embeddable":true,"href":"https:\/\/sertv.gob.pa\/nacionalfm\/wp-json\/wp\/v2\/comments?post=88016"}],"version-history":[{"count":1,"href":"https:\/\/sertv.gob.pa\/nacionalfm\/wp-json\/wp\/v2\/posts\/88016\/revisions"}],"predecessor-version":[{"id":88018,"href":"https:\/\/sertv.gob.pa\/nacionalfm\/wp-json\/wp\/v2\/posts\/88016\/revisions\/88018"}],"wp:featuredmedia":[{"embeddable":true,"href":"https:\/\/sertv.gob.pa\/nacionalfm\/wp-json\/wp\/v2\/media\/88017"}],"wp:attachment":[{"href":"https:\/\/sertv.gob.pa\/nacionalfm\/wp-json\/wp\/v2\/media?parent=88016"}],"wp:term":[{"taxonomy":"category","embeddable":true,"href":"https:\/\/sertv.gob.pa\/nacionalfm\/wp-json\/wp\/v2\/categories?post=88016"},{"taxonomy":"post_tag","embeddable":true,"href":"https:\/\/sertv.gob.pa\/nacionalfm\/wp-json\/wp\/v2\/tags?post=88016"}],"curies":[{"name":"wp","href":"https:\/\/api.w.org\/{rel}","templated":true}]}}