{"id":88019,"date":"2022-10-05T19:06:36","date_gmt":"2022-10-05T19:06:36","guid":{"rendered":"https:\/\/sertv.gob.pa\/nacionalfm\/?p=88019"},"modified":"2022-10-05T19:06:36","modified_gmt":"2022-10-05T19:06:36","slug":"biden-prorroga-la-declaracion-de-desastre-en-florida-para-liberar-mas-ayuda-tras-el-paso-del-huracan-ian","status":"publish","type":"post","link":"https:\/\/sertv.gob.pa\/nacionalfm\/biden-prorroga-la-declaracion-de-desastre-en-florida-para-liberar-mas-ayuda-tras-el-paso-del-huracan-ian\/","title":{"rendered":"Biden prorroga la declaraci\u00f3n de desastre en Florida para liberar m\u00e1s ayuda tras el paso del hurac\u00e1n &#8216;Ian&#8217;"},"content":{"rendered":"<p><strong><em>MADRID, (EUROPA PRESS) &#8211;<\/em><\/strong><\/p>\n<p>&nbsp;<\/p>\n<p>El presidente de Estados Unidos, Joe Biden, ha prorrogado la declaraci\u00f3n de desastre emitida para el estado de Florida para facilitar la liberaci\u00f3n adicional de ayuda tras el paso del hurac\u00e1n &#8216;Ian&#8217;, que ha dejado cerca de un centenar de muertos y miles de desplazados.<\/p>\n<p>La Casa Blanca ha indicado en un comunicado que el presidente ha avalado as\u00ed que se destinen m\u00e1s ayudas de los fondos federales a las operaciones para retirar los escombros y poner en marcha medidas de protecci\u00f3n tras el paso de la fuerte tormenta.<\/p>\n<p>El decreto firmado anteriormente por Biden permit\u00eda liberar estas ayudas durante un periodo de 30 d\u00edas, si bien esta pr\u00f3rroga ofrece un mes m\u00e1s de asistencia adicional costeada en su totalidad por el Gobierno federal de Estados Unidos.<\/p>\n<p>El primer paquete de ayudas inclu\u00eda fondos destinados al refugio temporal y la reparaci\u00f3n de viviendas, as\u00ed como pr\u00e9stamos para cubrir las p\u00e9rdidas de bienes inmuebles y otras propiedades. Adem\u00e1s, tambi\u00e9n permite a Florida acceder a los programas de ayudas para empresas y aut\u00f3nomos.<\/p>\n<p>Las autoridades contin\u00faan evaluando la extensi\u00f3n y el coste de los da\u00f1os provocados hasta el momento por el hurac\u00e1n, por lo que podr\u00edan introducirse nuevas \u00e1reas susceptibles de acogerse a estas ayudas.<\/p>\n<p><strong>\u00a0<\/strong><\/p>\n<p>Fuente: EUROPA PRESS<\/p>\n<p>&nbsp;<\/p>\n","protected":false},"excerpt":{"rendered":"<p>MADRID, (EUROPA PRESS) &#8211; &nbsp; El presidente de Estados Unidos, <a href=\"https:\/\/sertv.gob.pa\/nacionalfm\/biden-prorroga-la-declaracion-de-desastre-en-florida-para-liberar-mas-ayuda-tras-el-paso-del-huracan-ian\/\"> [&#8230;]<\/a><\/p>\n","protected":false},"author":9,"featured_media":88020,"comment_status":"closed","ping_status":"closed","sticky":false,"template":"","format":"standard","meta":{"footnotes":""},"categories":[3],"tags":[],"class_list":["post-88019","post","type-post","status-publish","format-standard","has-post-thumbnail","hentry","category-internacionales"],"_links":{"self":[{"href":"https:\/\/sertv.gob.pa\/nacionalfm\/wp-json\/wp\/v2\/posts\/88019","targetHints":{"allow":["GET"]}}],"collection":[{"href":"https:\/\/sertv.gob.pa\/nacionalfm\/wp-json\/wp\/v2\/posts"}],"about":[{"href":"https:\/\/sertv.gob.pa\/nacionalfm\/wp-json\/wp\/v2\/types\/post"}],"author":[{"embeddable":true,"href":"https:\/\/sertv.gob.pa\/nacionalfm\/wp-json\/wp\/v2\/users\/9"}],"replies":[{"embeddable":true,"href":"https:\/\/sertv.gob.pa\/nacionalfm\/wp-json\/wp\/v2\/comments?post=88019"}],"version-history":[{"count":1,"href":"https:\/\/sertv.gob.pa\/nacionalfm\/wp-json\/wp\/v2\/posts\/88019\/revisions"}],"predecessor-version":[{"id":88022,"href":"https:\/\/sertv.gob.pa\/nacionalfm\/wp-json\/wp\/v2\/posts\/88019\/revisions\/88022"}],"wp:featuredmedia":[{"embeddable":true,"href":"https:\/\/sertv.gob.pa\/nacionalfm\/wp-json\/wp\/v2\/media\/88020"}],"wp:attachment":[{"href":"https:\/\/sertv.gob.pa\/nacionalfm\/wp-json\/wp\/v2\/media?parent=88019"}],"wp:term":[{"taxonomy":"category","embeddable":true,"href":"https:\/\/sertv.gob.pa\/nacionalfm\/wp-json\/wp\/v2\/categories?post=88019"},{"taxonomy":"post_tag","embeddable":true,"href":"https:\/\/sertv.gob.pa\/nacionalfm\/wp-json\/wp\/v2\/tags?post=88019"}],"curies":[{"name":"wp","href":"https:\/\/api.w.org\/{rel}","templated":true}]}}