{"id":88062,"date":"2022-10-06T19:07:59","date_gmt":"2022-10-06T19:07:59","guid":{"rendered":"https:\/\/sertv.gob.pa\/nacionalfm\/?p=88062"},"modified":"2022-10-06T19:07:59","modified_gmt":"2022-10-06T19:07:59","slug":"mueren-mas-de-diez-personas-tras-chocar-un-autobus-y-un-camion-en-pakistan","status":"publish","type":"post","link":"https:\/\/sertv.gob.pa\/nacionalfm\/mueren-mas-de-diez-personas-tras-chocar-un-autobus-y-un-camion-en-pakistan\/","title":{"rendered":"Mueren m\u00e1s de diez personas tras chocar un autob\u00fas y un cami\u00f3n en Pakist\u00e1n"},"content":{"rendered":"<p><strong><em>MADRID, (EUROPA PRESS) &#8211;<\/em><\/strong><\/p>\n<p>&nbsp;<\/p>\n<p>Al menos once personas han muerto y otras trece han resultado heridas este jueves tras colisionar un autob\u00fas y un cami\u00f3n en la localidad paquistan\u00ed de Jamshoro, situada en la provincia de Sindh (sureste), seg\u00fan han confirmado las autoridades.<\/p>\n<p>El superintendente de la Polic\u00eda local, Yaved Baloch, ha indicado en declaraciones al diario paquistan\u00ed &#8216;Dawn&#8217; que el autob\u00fas cubr\u00eda la ruta entre las ciudades de Bahawalpur y Karachi y ha agregado que ha colisionado frontalmente con un cami\u00f3n que iba en direcci\u00f3n contraria.<\/p>\n<p>Asimismo, ha detallado que entre las v\u00edctimas mortales hay dos ni\u00f1os, si bien el balance de fallecidos podr\u00eda aumentar en las pr\u00f3ximas horas. Por el momento se desconocen las causas del suceso, que est\u00e1n bajo investigaci\u00f3n.<\/p>\n<p>Los accidentes de tr\u00e1fico son frecuentes en Pakist\u00e1n debido a la falta de infraestructura adecuada, al mal estado de los veh\u00edculos y a una conducci\u00f3n temeraria. De acuerdo con datos oficiales, cada a\u00f1o se producen unos 9.000 accidentes que matan a unas 4.000 personas en el pa\u00eds.<\/p>\n<p>&nbsp;<\/p>\n<p>Fuente: EUROPA PRESS<\/p>\n","protected":false},"excerpt":{"rendered":"<p>MADRID, (EUROPA PRESS) &#8211; &nbsp; Al menos once personas han <a href=\"https:\/\/sertv.gob.pa\/nacionalfm\/mueren-mas-de-diez-personas-tras-chocar-un-autobus-y-un-camion-en-pakistan\/\"> [&#8230;]<\/a><\/p>\n","protected":false},"author":9,"featured_media":88064,"comment_status":"closed","ping_status":"closed","sticky":false,"template":"","format":"standard","meta":{"footnotes":""},"categories":[3],"tags":[],"class_list":["post-88062","post","type-post","status-publish","format-standard","has-post-thumbnail","hentry","category-internacionales"],"_links":{"self":[{"href":"https:\/\/sertv.gob.pa\/nacionalfm\/wp-json\/wp\/v2\/posts\/88062","targetHints":{"allow":["GET"]}}],"collection":[{"href":"https:\/\/sertv.gob.pa\/nacionalfm\/wp-json\/wp\/v2\/posts"}],"about":[{"href":"https:\/\/sertv.gob.pa\/nacionalfm\/wp-json\/wp\/v2\/types\/post"}],"author":[{"embeddable":true,"href":"https:\/\/sertv.gob.pa\/nacionalfm\/wp-json\/wp\/v2\/users\/9"}],"replies":[{"embeddable":true,"href":"https:\/\/sertv.gob.pa\/nacionalfm\/wp-json\/wp\/v2\/comments?post=88062"}],"version-history":[{"count":1,"href":"https:\/\/sertv.gob.pa\/nacionalfm\/wp-json\/wp\/v2\/posts\/88062\/revisions"}],"predecessor-version":[{"id":88065,"href":"https:\/\/sertv.gob.pa\/nacionalfm\/wp-json\/wp\/v2\/posts\/88062\/revisions\/88065"}],"wp:featuredmedia":[{"embeddable":true,"href":"https:\/\/sertv.gob.pa\/nacionalfm\/wp-json\/wp\/v2\/media\/88064"}],"wp:attachment":[{"href":"https:\/\/sertv.gob.pa\/nacionalfm\/wp-json\/wp\/v2\/media?parent=88062"}],"wp:term":[{"taxonomy":"category","embeddable":true,"href":"https:\/\/sertv.gob.pa\/nacionalfm\/wp-json\/wp\/v2\/categories?post=88062"},{"taxonomy":"post_tag","embeddable":true,"href":"https:\/\/sertv.gob.pa\/nacionalfm\/wp-json\/wp\/v2\/tags?post=88062"}],"curies":[{"name":"wp","href":"https:\/\/api.w.org\/{rel}","templated":true}]}}