{"id":88066,"date":"2022-10-06T19:21:57","date_gmt":"2022-10-06T19:21:57","guid":{"rendered":"https:\/\/sertv.gob.pa\/nacionalfm\/?p=88066"},"modified":"2022-10-06T19:21:57","modified_gmt":"2022-10-06T19:21:57","slug":"asesinadas-31-personas-en-un-ataque-armado-contra-una-guarderia-en-el-norte-de-tailandia","status":"publish","type":"post","link":"https:\/\/sertv.gob.pa\/nacionalfm\/asesinadas-31-personas-en-un-ataque-armado-contra-una-guarderia-en-el-norte-de-tailandia\/","title":{"rendered":"Asesinadas 31 personas en un ataque armado contra una guarder\u00eda en el norte de Tailandia"},"content":{"rendered":"<p><strong><em>MADRID, (EUROPA PRESS) &#8211;<\/em><\/strong><\/p>\n<p>&nbsp;<\/p>\n<p>Al menos 31 personas han sido asesinadas este jueves en un ataque armado perpetrado por un antiguo oficial de la Polic\u00eda tailandesa contra una guarder\u00eda en la localidad de Na Klang, situada en la provincia de Nong Bua Lamphu (norte), seg\u00fan han confirmado las autoridades.<\/p>\n<p>Las autoridades han indicado que el atacante, quien ocup\u00f3 el cargo de teniente general de la Polic\u00eda, ha irrumpido con un arma de fuego y armas blancas en el centro, donde ha matado a m\u00e1s de 30 personas, entre ellos un n\u00famero indeterminado de ni\u00f1os. Tras ello, ha logrado darse a la fuga.<\/p>\n<p>El primer ministro tailand\u00e9s, Pratuyh Chan Ocha, ha dado orden al jefe de la Polic\u00eda para que se desplace al lugar para coordinar las tareas de b\u00fasqueda y captura del sospechoso, tal y como ha recogido el diario &#8216;Thairath&#8217;. Por el momento se desconocen las causas del suceso.<\/p>\n<p>&nbsp;<\/p>\n<p>Fuente: EUROPA PRESS<\/p>\n","protected":false},"excerpt":{"rendered":"<p>MADRID, (EUROPA PRESS) &#8211; &nbsp; Al menos 31 personas han <a href=\"https:\/\/sertv.gob.pa\/nacionalfm\/asesinadas-31-personas-en-un-ataque-armado-contra-una-guarderia-en-el-norte-de-tailandia\/\"> [&#8230;]<\/a><\/p>\n","protected":false},"author":9,"featured_media":88067,"comment_status":"closed","ping_status":"closed","sticky":false,"template":"","format":"standard","meta":{"footnotes":""},"categories":[3],"tags":[],"class_list":["post-88066","post","type-post","status-publish","format-standard","has-post-thumbnail","hentry","category-internacionales"],"_links":{"self":[{"href":"https:\/\/sertv.gob.pa\/nacionalfm\/wp-json\/wp\/v2\/posts\/88066","targetHints":{"allow":["GET"]}}],"collection":[{"href":"https:\/\/sertv.gob.pa\/nacionalfm\/wp-json\/wp\/v2\/posts"}],"about":[{"href":"https:\/\/sertv.gob.pa\/nacionalfm\/wp-json\/wp\/v2\/types\/post"}],"author":[{"embeddable":true,"href":"https:\/\/sertv.gob.pa\/nacionalfm\/wp-json\/wp\/v2\/users\/9"}],"replies":[{"embeddable":true,"href":"https:\/\/sertv.gob.pa\/nacionalfm\/wp-json\/wp\/v2\/comments?post=88066"}],"version-history":[{"count":1,"href":"https:\/\/sertv.gob.pa\/nacionalfm\/wp-json\/wp\/v2\/posts\/88066\/revisions"}],"predecessor-version":[{"id":88068,"href":"https:\/\/sertv.gob.pa\/nacionalfm\/wp-json\/wp\/v2\/posts\/88066\/revisions\/88068"}],"wp:featuredmedia":[{"embeddable":true,"href":"https:\/\/sertv.gob.pa\/nacionalfm\/wp-json\/wp\/v2\/media\/88067"}],"wp:attachment":[{"href":"https:\/\/sertv.gob.pa\/nacionalfm\/wp-json\/wp\/v2\/media?parent=88066"}],"wp:term":[{"taxonomy":"category","embeddable":true,"href":"https:\/\/sertv.gob.pa\/nacionalfm\/wp-json\/wp\/v2\/categories?post=88066"},{"taxonomy":"post_tag","embeddable":true,"href":"https:\/\/sertv.gob.pa\/nacionalfm\/wp-json\/wp\/v2\/tags?post=88066"}],"curies":[{"name":"wp","href":"https:\/\/api.w.org\/{rel}","templated":true}]}}