{"id":88119,"date":"2022-10-07T19:18:13","date_gmt":"2022-10-07T19:18:13","guid":{"rendered":"https:\/\/sertv.gob.pa\/nacionalfm\/?p=88119"},"modified":"2022-10-07T19:18:13","modified_gmt":"2022-10-07T19:18:13","slug":"rescatados-25-tripulantes-de-un-buque-comercial-de-bandera-panamena-tras-incendiarse-en-el-mar-rojo","status":"publish","type":"post","link":"https:\/\/sertv.gob.pa\/nacionalfm\/rescatados-25-tripulantes-de-un-buque-comercial-de-bandera-panamena-tras-incendiarse-en-el-mar-rojo\/","title":{"rendered":"Rescatados 25 tripulantes de un buque comercial de bandera paname\u00f1a tras incendiarse en el mar Rojo"},"content":{"rendered":"<p><strong><em>MADRID, (EUROPA PRESS) &#8211;<\/em><\/strong><\/p>\n<p>&nbsp;<\/p>\n<p>Las autoridades de Arabia Saud\u00ed han anunciado este viernes el rescate de los 25 tripulantes de un buque comercial de bandera paname\u00f1a que ha sufrido un incendio por causas no determinadas cuando navegaba por el mar Rojo.<\/p>\n<p>La Guardia Costera saud\u00ed ha indicado que el barco se encontraba a 123 millas n\u00e1uticas al noroeste de la ciudad portuaria de Jiz\u00e1n cuando emiti\u00f3 la llamada de alerta para informar de un incendio a bordo, seg\u00fan ha recogido la agencia estatal saud\u00ed de noticias, SPA.<\/p>\n<p>El portavoz de la Guardia Costera, Misfir al Qarini, ha manifestado que las tareas de rescate han sido llevadas a cabo en colaboraci\u00f3n con una embarcaci\u00f3n extranjera, sin dar detalles sobre las nacionalidades de los rescatados, que han sido trasladados a Jiz\u00e1n.<\/p>\n","protected":false},"excerpt":{"rendered":"<p>MADRID, (EUROPA PRESS) &#8211; &nbsp; Las autoridades de Arabia Saud\u00ed <a href=\"https:\/\/sertv.gob.pa\/nacionalfm\/rescatados-25-tripulantes-de-un-buque-comercial-de-bandera-panamena-tras-incendiarse-en-el-mar-rojo\/\"> [&#8230;]<\/a><\/p>\n","protected":false},"author":9,"featured_media":88120,"comment_status":"closed","ping_status":"closed","sticky":false,"template":"","format":"standard","meta":{"footnotes":""},"categories":[3],"tags":[],"class_list":["post-88119","post","type-post","status-publish","format-standard","has-post-thumbnail","hentry","category-internacionales"],"_links":{"self":[{"href":"https:\/\/sertv.gob.pa\/nacionalfm\/wp-json\/wp\/v2\/posts\/88119","targetHints":{"allow":["GET"]}}],"collection":[{"href":"https:\/\/sertv.gob.pa\/nacionalfm\/wp-json\/wp\/v2\/posts"}],"about":[{"href":"https:\/\/sertv.gob.pa\/nacionalfm\/wp-json\/wp\/v2\/types\/post"}],"author":[{"embeddable":true,"href":"https:\/\/sertv.gob.pa\/nacionalfm\/wp-json\/wp\/v2\/users\/9"}],"replies":[{"embeddable":true,"href":"https:\/\/sertv.gob.pa\/nacionalfm\/wp-json\/wp\/v2\/comments?post=88119"}],"version-history":[{"count":1,"href":"https:\/\/sertv.gob.pa\/nacionalfm\/wp-json\/wp\/v2\/posts\/88119\/revisions"}],"predecessor-version":[{"id":88121,"href":"https:\/\/sertv.gob.pa\/nacionalfm\/wp-json\/wp\/v2\/posts\/88119\/revisions\/88121"}],"wp:featuredmedia":[{"embeddable":true,"href":"https:\/\/sertv.gob.pa\/nacionalfm\/wp-json\/wp\/v2\/media\/88120"}],"wp:attachment":[{"href":"https:\/\/sertv.gob.pa\/nacionalfm\/wp-json\/wp\/v2\/media?parent=88119"}],"wp:term":[{"taxonomy":"category","embeddable":true,"href":"https:\/\/sertv.gob.pa\/nacionalfm\/wp-json\/wp\/v2\/categories?post=88119"},{"taxonomy":"post_tag","embeddable":true,"href":"https:\/\/sertv.gob.pa\/nacionalfm\/wp-json\/wp\/v2\/tags?post=88119"}],"curies":[{"name":"wp","href":"https:\/\/api.w.org\/{rel}","templated":true}]}}