{"id":88122,"date":"2022-10-07T19:35:26","date_gmt":"2022-10-07T19:35:26","guid":{"rendered":"https:\/\/sertv.gob.pa\/nacionalfm\/?p=88122"},"modified":"2022-10-07T19:35:26","modified_gmt":"2022-10-07T19:35:26","slug":"suspenden-a-todo-el-departamento-de-policia-de-uvalde-por-su-gestion-de-la-masacre-de-la-escuela-robb","status":"publish","type":"post","link":"https:\/\/sertv.gob.pa\/nacionalfm\/suspenden-a-todo-el-departamento-de-policia-de-uvalde-por-su-gestion-de-la-masacre-de-la-escuela-robb\/","title":{"rendered":"Suspenden a todo el Departamento de Polic\u00eda de Uvalde por su gesti\u00f3n de la masacre de la escuela Robb"},"content":{"rendered":"<p><strong><em>MADRID, (EUROPA PRESS) &#8211;<\/em><\/strong><\/p>\n<p>&nbsp;<\/p>\n<p>El distrito escolar de Uvalde, Texas, ha anunciado este viernes la suspensi\u00f3n de todo el Departamento de Polic\u00eda por los fallos cometidos por las fuerzas de seguridad durante la respuesta al tr\u00e1gico tiroteo del pasado 24 de mayo en la escuela primaria de Robb, en la que murieron 19 ni\u00f1os y dos profesores.<\/p>\n<p>La decisi\u00f3n se ha tomado en medio del aluvi\u00f3n de cr\u00edticas recibidas por la aparente pasividad exhibida por las fuerzas de seguridad durante aquella crisis.<\/p>\n<p>La junta escolar ha solicitado al Departamento de Seguridad P\u00fablica de Texas la presencia de m\u00e1s efectivos policiales y militares mientras permanece en vigor esta suspensi\u00f3n. \u00abConfiamos en que la seguridad del personal y de los estudiantes no se ver\u00e1 comprometida durante esta transici\u00f3n\u00bb, ha se\u00f1alado.<\/p>\n<p>El teniente Miguel Hern\u00e1ndez, quien se encarg\u00f3 de dirigir el departamento tras el ataque, y Ken Mueller, director de servicios estudiantiles, han sido retirados de sus puestos bajo licencia administrativa, detallan medios estadounidenses.<\/p>\n<p>&nbsp;<\/p>\n<p>Fuente: EUROPA PRESS<\/p>\n","protected":false},"excerpt":{"rendered":"<p>MADRID, (EUROPA PRESS) &#8211; &nbsp; El distrito escolar de Uvalde, <a href=\"https:\/\/sertv.gob.pa\/nacionalfm\/suspenden-a-todo-el-departamento-de-policia-de-uvalde-por-su-gestion-de-la-masacre-de-la-escuela-robb\/\"> [&#8230;]<\/a><\/p>\n","protected":false},"author":9,"featured_media":88123,"comment_status":"closed","ping_status":"closed","sticky":false,"template":"","format":"standard","meta":{"footnotes":""},"categories":[3],"tags":[],"class_list":["post-88122","post","type-post","status-publish","format-standard","has-post-thumbnail","hentry","category-internacionales"],"_links":{"self":[{"href":"https:\/\/sertv.gob.pa\/nacionalfm\/wp-json\/wp\/v2\/posts\/88122","targetHints":{"allow":["GET"]}}],"collection":[{"href":"https:\/\/sertv.gob.pa\/nacionalfm\/wp-json\/wp\/v2\/posts"}],"about":[{"href":"https:\/\/sertv.gob.pa\/nacionalfm\/wp-json\/wp\/v2\/types\/post"}],"author":[{"embeddable":true,"href":"https:\/\/sertv.gob.pa\/nacionalfm\/wp-json\/wp\/v2\/users\/9"}],"replies":[{"embeddable":true,"href":"https:\/\/sertv.gob.pa\/nacionalfm\/wp-json\/wp\/v2\/comments?post=88122"}],"version-history":[{"count":1,"href":"https:\/\/sertv.gob.pa\/nacionalfm\/wp-json\/wp\/v2\/posts\/88122\/revisions"}],"predecessor-version":[{"id":88125,"href":"https:\/\/sertv.gob.pa\/nacionalfm\/wp-json\/wp\/v2\/posts\/88122\/revisions\/88125"}],"wp:featuredmedia":[{"embeddable":true,"href":"https:\/\/sertv.gob.pa\/nacionalfm\/wp-json\/wp\/v2\/media\/88123"}],"wp:attachment":[{"href":"https:\/\/sertv.gob.pa\/nacionalfm\/wp-json\/wp\/v2\/media?parent=88122"}],"wp:term":[{"taxonomy":"category","embeddable":true,"href":"https:\/\/sertv.gob.pa\/nacionalfm\/wp-json\/wp\/v2\/categories?post=88122"},{"taxonomy":"post_tag","embeddable":true,"href":"https:\/\/sertv.gob.pa\/nacionalfm\/wp-json\/wp\/v2\/tags?post=88122"}],"curies":[{"name":"wp","href":"https:\/\/api.w.org\/{rel}","templated":true}]}}