{"id":88171,"date":"2022-10-10T18:57:20","date_gmt":"2022-10-10T18:57:20","guid":{"rendered":"https:\/\/sertv.gob.pa\/nacionalfm\/?p=88171"},"modified":"2022-10-10T18:57:20","modified_gmt":"2022-10-10T18:57:20","slug":"zelenski-y-truss-abordan-una-posible-zona-de-exclusion-aerea-sobre-ucrania-tras-los-ultimos-bombardeos-de-rusia","status":"publish","type":"post","link":"https:\/\/sertv.gob.pa\/nacionalfm\/zelenski-y-truss-abordan-una-posible-zona-de-exclusion-aerea-sobre-ucrania-tras-los-ultimos-bombardeos-de-rusia\/","title":{"rendered":"Zelenski y Truss abordan una posible zona de exclusi\u00f3n a\u00e9rea sobre Ucrania tras los \u00faltimos bombardeos de Rusia"},"content":{"rendered":"<p><strong><em>MADRID, (EUROPA PRESS) &#8211;<\/em><\/strong><\/p>\n<p>&nbsp;<\/p>\n<p>El presidente de Ucrania, Volodimir Zelenski, y la primera ministra brit\u00e1nica, Liz Truss, han abordado este lunes una posible zona de exclusi\u00f3n a\u00e9rea sobre Ucrania tras los \u00faltimos bombardeos llevados a cabo por Rusia y que han dejado hasta el momento al menos once muertos.<\/p>\n<p>\u00abHe hablado con la primera ministra brit\u00e1nica. Contamos con Reino Unido y su liderazgo para reforzar la pol\u00edtica internacional y el apoyo en materia de defensa para Ucrania, especialmente en lo referente a la protecci\u00f3n de nuestros cielos\u00bb, ha aseverado el mandatario ucraniano en un mensaje difundido a trav\u00e9s de su cuenta de Twitter.<\/p>\n<p>Ambos han abordado varios asuntos relacionados con la posibilidad de aumentar la presi\u00f3n contra Rusia, cuyos ataques han dejado m\u00e1s de 60 heridos a lo largo de la jornada.<\/p>\n<p>Poco antes, los ministros de Exteriores de Reino Unido y Ucrania, James Cleverly y Dimitro Kuleba, respectivamente, han mantenido una conversaci\u00f3n en la que el jefe de la diplomacia brit\u00e1nica ha trasladado a Kuleba \u00abtodo su apoyo\u00bb.<\/p>\n<p>\u00abRusia debe ser declarado un Estado terrorista. Igual que Reino Unido hizo frente a los bombardeos rel\u00e1mpagos nazis, Ucrania har\u00e1 frente a los misiles rusos. Nada nos echar\u00e1 para atr\u00e1s\u00bb, ha puntualizado.<\/p>\n<p>&nbsp;<\/p>\n<p>Fuente: EUROPA PRESS<\/p>\n","protected":false},"excerpt":{"rendered":"<p>MADRID, (EUROPA PRESS) &#8211; &nbsp; El presidente de Ucrania, Volodimir <a href=\"https:\/\/sertv.gob.pa\/nacionalfm\/zelenski-y-truss-abordan-una-posible-zona-de-exclusion-aerea-sobre-ucrania-tras-los-ultimos-bombardeos-de-rusia\/\"> [&#8230;]<\/a><\/p>\n","protected":false},"author":9,"featured_media":88172,"comment_status":"closed","ping_status":"closed","sticky":false,"template":"","format":"standard","meta":{"footnotes":""},"categories":[3],"tags":[],"class_list":["post-88171","post","type-post","status-publish","format-standard","has-post-thumbnail","hentry","category-internacionales"],"_links":{"self":[{"href":"https:\/\/sertv.gob.pa\/nacionalfm\/wp-json\/wp\/v2\/posts\/88171","targetHints":{"allow":["GET"]}}],"collection":[{"href":"https:\/\/sertv.gob.pa\/nacionalfm\/wp-json\/wp\/v2\/posts"}],"about":[{"href":"https:\/\/sertv.gob.pa\/nacionalfm\/wp-json\/wp\/v2\/types\/post"}],"author":[{"embeddable":true,"href":"https:\/\/sertv.gob.pa\/nacionalfm\/wp-json\/wp\/v2\/users\/9"}],"replies":[{"embeddable":true,"href":"https:\/\/sertv.gob.pa\/nacionalfm\/wp-json\/wp\/v2\/comments?post=88171"}],"version-history":[{"count":1,"href":"https:\/\/sertv.gob.pa\/nacionalfm\/wp-json\/wp\/v2\/posts\/88171\/revisions"}],"predecessor-version":[{"id":88177,"href":"https:\/\/sertv.gob.pa\/nacionalfm\/wp-json\/wp\/v2\/posts\/88171\/revisions\/88177"}],"wp:featuredmedia":[{"embeddable":true,"href":"https:\/\/sertv.gob.pa\/nacionalfm\/wp-json\/wp\/v2\/media\/88172"}],"wp:attachment":[{"href":"https:\/\/sertv.gob.pa\/nacionalfm\/wp-json\/wp\/v2\/media?parent=88171"}],"wp:term":[{"taxonomy":"category","embeddable":true,"href":"https:\/\/sertv.gob.pa\/nacionalfm\/wp-json\/wp\/v2\/categories?post=88171"},{"taxonomy":"post_tag","embeddable":true,"href":"https:\/\/sertv.gob.pa\/nacionalfm\/wp-json\/wp\/v2\/tags?post=88171"}],"curies":[{"name":"wp","href":"https:\/\/api.w.org\/{rel}","templated":true}]}}