{"id":88178,"date":"2022-10-10T19:14:15","date_gmt":"2022-10-10T19:14:15","guid":{"rendered":"https:\/\/sertv.gob.pa\/nacionalfm\/?p=88178"},"modified":"2022-10-10T19:14:15","modified_gmt":"2022-10-10T19:14:15","slug":"guterres-considera-los-ultimos-ataques-rusos-una-escalada-inaceptable-en-la-guerra","status":"publish","type":"post","link":"https:\/\/sertv.gob.pa\/nacionalfm\/guterres-considera-los-ultimos-ataques-rusos-una-escalada-inaceptable-en-la-guerra\/","title":{"rendered":"Guterres considera los \u00faltimos ataques rusos \u00abuna escalada inaceptable en la guerra\u00bb"},"content":{"rendered":"<p><strong><em>MADRID, (EUROPA PRESS) &#8211;<\/em><\/strong><\/p>\n<p>&nbsp;<\/p>\n<p>El secretario general de la ONU, Ant\u00f3nio Guterres, se ha mostrado \u00abprofundamente impactado\u00bb por los ataques perpetrados este lunes por las fuerzas rusas sobre distintas ciudades de Ucrania, \u00abotra escalada inaceptable en la guerra\u00bb que estall\u00f3 con la invasi\u00f3n en febrero.<\/p>\n<p>\u00abComo siempre, los civiles pagan el precio m\u00e1s alto\u00bb del conflicto, ha lamentado Guterres, en un comunicado en el que ha deplorado el \u00abextenso\u00bb da\u00f1o sobre zonas urbanas y las decenas de v\u00edctimas que han dejado estos ataques con misiles \u00aba gran escala\u00bb.<\/p>\n<p>Guterres ha tratado en vano durante estos \u00faltimos meses que las partes acuerden un alto el fuego, lejano a tenor de los \u00faltimos acontecimientos. El presidente de Rusia, Vladimir Putin, reconoci\u00f3 el \u00abataque masivo\u00bb de este lunes y amenaz\u00f3 con el lanzamiento de m\u00e1s misiles sobre Ucrania.<\/p>\n<p><strong><em>\u00a0<\/em><\/strong><\/p>\n<p>Fuente: EUROPA PRESS<\/p>\n","protected":false},"excerpt":{"rendered":"<p>MADRID, (EUROPA PRESS) &#8211; &nbsp; El secretario general de la <a href=\"https:\/\/sertv.gob.pa\/nacionalfm\/guterres-considera-los-ultimos-ataques-rusos-una-escalada-inaceptable-en-la-guerra\/\"> [&#8230;]<\/a><\/p>\n","protected":false},"author":9,"featured_media":41921,"comment_status":"closed","ping_status":"closed","sticky":false,"template":"","format":"standard","meta":{"footnotes":""},"categories":[3],"tags":[],"class_list":["post-88178","post","type-post","status-publish","format-standard","has-post-thumbnail","hentry","category-internacionales"],"_links":{"self":[{"href":"https:\/\/sertv.gob.pa\/nacionalfm\/wp-json\/wp\/v2\/posts\/88178","targetHints":{"allow":["GET"]}}],"collection":[{"href":"https:\/\/sertv.gob.pa\/nacionalfm\/wp-json\/wp\/v2\/posts"}],"about":[{"href":"https:\/\/sertv.gob.pa\/nacionalfm\/wp-json\/wp\/v2\/types\/post"}],"author":[{"embeddable":true,"href":"https:\/\/sertv.gob.pa\/nacionalfm\/wp-json\/wp\/v2\/users\/9"}],"replies":[{"embeddable":true,"href":"https:\/\/sertv.gob.pa\/nacionalfm\/wp-json\/wp\/v2\/comments?post=88178"}],"version-history":[{"count":1,"href":"https:\/\/sertv.gob.pa\/nacionalfm\/wp-json\/wp\/v2\/posts\/88178\/revisions"}],"predecessor-version":[{"id":88179,"href":"https:\/\/sertv.gob.pa\/nacionalfm\/wp-json\/wp\/v2\/posts\/88178\/revisions\/88179"}],"wp:featuredmedia":[{"embeddable":true,"href":"https:\/\/sertv.gob.pa\/nacionalfm\/wp-json\/wp\/v2\/media\/41921"}],"wp:attachment":[{"href":"https:\/\/sertv.gob.pa\/nacionalfm\/wp-json\/wp\/v2\/media?parent=88178"}],"wp:term":[{"taxonomy":"category","embeddable":true,"href":"https:\/\/sertv.gob.pa\/nacionalfm\/wp-json\/wp\/v2\/categories?post=88178"},{"taxonomy":"post_tag","embeddable":true,"href":"https:\/\/sertv.gob.pa\/nacionalfm\/wp-json\/wp\/v2\/tags?post=88178"}],"curies":[{"name":"wp","href":"https:\/\/api.w.org\/{rel}","templated":true}]}}