{"id":88263,"date":"2022-10-12T15:01:42","date_gmt":"2022-10-12T15:01:42","guid":{"rendered":"https:\/\/sertv.gob.pa\/nacionalfm\/?p=88263"},"modified":"2022-10-12T15:01:42","modified_gmt":"2022-10-12T15:01:42","slug":"nuevo-complejo-agroindustrial-en-chiriqui-aportara-al-desarrollo-regional","status":"publish","type":"post","link":"https:\/\/sertv.gob.pa\/nacionalfm\/nuevo-complejo-agroindustrial-en-chiriqui-aportara-al-desarrollo-regional\/","title":{"rendered":"Nuevo Complejo Agroindustrial en Chiriqu\u00ed aportar\u00e1 al desarrollo regional"},"content":{"rendered":"<p>Las autoridades del Ministerio de Comercio e Industrias de Panam\u00e1 (MICI), en fecha reciente, acompa\u00f1aron a los ejecutivos de la empresa Industrias Panam\u00e1 \u2013 Boston, S.A., durante la colocaci\u00f3n de la primera piedra, de lo que ser\u00e1 uno de los m\u00e1s modernos complejos agroindustriales de la provincia de Chiriqu\u00ed.<\/p>\n<p>Eric Dormoi, director nacional de Promoci\u00f3n de las Exportaciones del MICI, en representaci\u00f3n del ministro Federico Alfaro Boyd, augur\u00f3 \u00e9xitos a esta agroindustria exportadora, que recibi\u00f3 recientemente el sello de la Mesa Redonda sobre Aceite de Palma Sostenible (RSPO, por sus siglas en ingl\u00e9s), siendo la primera en obtenerlo en el pa\u00eds.<\/p>\n<p>El complejo agroindustrial ubicado en el sector de San Lorenzo, contar\u00e1 con una inversi\u00f3n inicial superior a los 10 millones de d\u00f3lares.<\/p>\n<p>En el evento, donde tambi\u00e9n estuvieron presentes autoridades del Ministerio de Desarrollo Agropecuario (MIDA) y directivos de la C\u00e1mara de Comercio, Industrias y Agricultura de Panam\u00e1 (CCIAP), la C\u00e1mara de Comercio, Industrias, Agricultura y Turismo de Chiriqu\u00ed (CAMCHI), el Sindicato de Industriales (SIP), entre otros gremios, se destacaron las buenas pr\u00e1cticas de la compa\u00f1\u00eda, que actualmente exporta el 55% de su producci\u00f3n de aceite de palma a Centroam\u00e9rica y M\u00e9xico.<\/p>\n<p>Las exportaciones paname\u00f1as de aceite de palma alcanzaron los 36 millones de d\u00f3lares de enero a agosto de 2022, un 44% m\u00e1s que en el mismo periodo de 2021, posicion\u00e1ndose como el cuarto rubro de exportaci\u00f3n m\u00e1s importante del pa\u00eds, llegando a mercados de M\u00e9xico, Europa, Centroam\u00e9rica y Estados Unidos.<\/p>\n<p>&nbsp;<\/p>\n<p>Fuente: MICI<\/p>\n","protected":false},"excerpt":{"rendered":"<p>Las autoridades del Ministerio de Comercio e Industrias de Panam\u00e1 <a href=\"https:\/\/sertv.gob.pa\/nacionalfm\/nuevo-complejo-agroindustrial-en-chiriqui-aportara-al-desarrollo-regional\/\"> [&#8230;]<\/a><\/p>\n","protected":false},"author":9,"featured_media":88264,"comment_status":"closed","ping_status":"closed","sticky":false,"template":"","format":"standard","meta":{"footnotes":""},"categories":[2],"tags":[],"class_list":["post-88263","post","type-post","status-publish","format-standard","has-post-thumbnail","hentry","category-nacionales"],"_links":{"self":[{"href":"https:\/\/sertv.gob.pa\/nacionalfm\/wp-json\/wp\/v2\/posts\/88263","targetHints":{"allow":["GET"]}}],"collection":[{"href":"https:\/\/sertv.gob.pa\/nacionalfm\/wp-json\/wp\/v2\/posts"}],"about":[{"href":"https:\/\/sertv.gob.pa\/nacionalfm\/wp-json\/wp\/v2\/types\/post"}],"author":[{"embeddable":true,"href":"https:\/\/sertv.gob.pa\/nacionalfm\/wp-json\/wp\/v2\/users\/9"}],"replies":[{"embeddable":true,"href":"https:\/\/sertv.gob.pa\/nacionalfm\/wp-json\/wp\/v2\/comments?post=88263"}],"version-history":[{"count":1,"href":"https:\/\/sertv.gob.pa\/nacionalfm\/wp-json\/wp\/v2\/posts\/88263\/revisions"}],"predecessor-version":[{"id":88267,"href":"https:\/\/sertv.gob.pa\/nacionalfm\/wp-json\/wp\/v2\/posts\/88263\/revisions\/88267"}],"wp:featuredmedia":[{"embeddable":true,"href":"https:\/\/sertv.gob.pa\/nacionalfm\/wp-json\/wp\/v2\/media\/88264"}],"wp:attachment":[{"href":"https:\/\/sertv.gob.pa\/nacionalfm\/wp-json\/wp\/v2\/media?parent=88263"}],"wp:term":[{"taxonomy":"category","embeddable":true,"href":"https:\/\/sertv.gob.pa\/nacionalfm\/wp-json\/wp\/v2\/categories?post=88263"},{"taxonomy":"post_tag","embeddable":true,"href":"https:\/\/sertv.gob.pa\/nacionalfm\/wp-json\/wp\/v2\/tags?post=88263"}],"curies":[{"name":"wp","href":"https:\/\/api.w.org\/{rel}","templated":true}]}}