{"id":88342,"date":"2022-10-13T19:23:12","date_gmt":"2022-10-13T19:23:12","guid":{"rendered":"https:\/\/sertv.gob.pa\/nacionalfm\/?p=88342"},"modified":"2022-10-13T19:23:12","modified_gmt":"2022-10-13T19:23:12","slug":"corea-del-norte-lanza-un-nuevo-misil-balistico-hacia-el-mar-de-japon","status":"publish","type":"post","link":"https:\/\/sertv.gob.pa\/nacionalfm\/corea-del-norte-lanza-un-nuevo-misil-balistico-hacia-el-mar-de-japon\/","title":{"rendered":"Corea del Norte lanza un nuevo misil bal\u00edstico hacia el mar de Jap\u00f3n"},"content":{"rendered":"<p><strong><em>MADRID, (EUROPA PRESS) &#8211;<\/em><\/strong><\/p>\n<p>&nbsp;<\/p>\n<p>El Ej\u00e9rcito de Corea del Norte ha lanzado este jueves, madrugada del viernes ya en Pyongyang, un misil bal\u00edstico no especificado hacia el mar de Jap\u00f3n &#8211;conocido como mar del Este en Corea del Sur&#8211;, seg\u00fan han denunciado fuentes militares surcoreanas.<\/p>\n<p>As\u00ed lo ha confirmado el Estado Mayor Conjunto de Corea del Sur, si bien no ha ahondado en m\u00e1s detalles, tal y como recoge la agencia de noticias surcoreana Yonhap. Medios japoneses se\u00f1alan que el lanzamiento se ha registrado en torno a las 2.00 horas (hora local) y que tanto Se\u00fal como Estados Unidos ya recopilan informaci\u00f3n sobre lo ocurrido.<\/p>\n<p>Este lanzamiento se ha producido apenas un d\u00eda despu\u00e9s de que el propio l\u00edder norcoreano, Kim Jong Un, supervisara el despliegue de dos misiles bal\u00edsticos de largo alcance, que han sobrevolado las aguas del mar de Jap\u00f3n para finalmente dar en el blanco, a 2.000 kil\u00f3metros de distancia, seg\u00fan la agencia norcoreana KCNA.<\/p>\n<p>En las \u00faltimas semanas Corea del Norte ha lanzado varios misiles bal\u00edsticos en ensayos prohibidos por resoluciones del Consejo de Seguridad de la ONU, en respuesta a las maniobras militares estadounidense-coreanas que considera un ensayo de invasi\u00f3n.<\/p>\n<p>En la madrugada del 4 de octubre, Pyongyang lanz\u00f3 un misil bal\u00edstico de alcance intermedio que sobrevol\u00f3 territorio de Jap\u00f3n para caer en el oc\u00e9ano Pac\u00edfico, fuera del espacio a\u00e9reo nip\u00f3n, hecho que no ocurr\u00eda desde 2017.<\/p>\n<p>&nbsp;<\/p>\n<p>Fuente: EUROPA PRESS<\/p>\n<p>&nbsp;<\/p>\n<p>&nbsp;<\/p>\n","protected":false},"excerpt":{"rendered":"<p>MADRID, (EUROPA PRESS) &#8211; &nbsp; El Ej\u00e9rcito de Corea del <a href=\"https:\/\/sertv.gob.pa\/nacionalfm\/corea-del-norte-lanza-un-nuevo-misil-balistico-hacia-el-mar-de-japon\/\"> [&#8230;]<\/a><\/p>\n","protected":false},"author":9,"featured_media":88343,"comment_status":"closed","ping_status":"closed","sticky":false,"template":"","format":"standard","meta":{"footnotes":""},"categories":[3],"tags":[],"class_list":["post-88342","post","type-post","status-publish","format-standard","has-post-thumbnail","hentry","category-internacionales"],"_links":{"self":[{"href":"https:\/\/sertv.gob.pa\/nacionalfm\/wp-json\/wp\/v2\/posts\/88342","targetHints":{"allow":["GET"]}}],"collection":[{"href":"https:\/\/sertv.gob.pa\/nacionalfm\/wp-json\/wp\/v2\/posts"}],"about":[{"href":"https:\/\/sertv.gob.pa\/nacionalfm\/wp-json\/wp\/v2\/types\/post"}],"author":[{"embeddable":true,"href":"https:\/\/sertv.gob.pa\/nacionalfm\/wp-json\/wp\/v2\/users\/9"}],"replies":[{"embeddable":true,"href":"https:\/\/sertv.gob.pa\/nacionalfm\/wp-json\/wp\/v2\/comments?post=88342"}],"version-history":[{"count":1,"href":"https:\/\/sertv.gob.pa\/nacionalfm\/wp-json\/wp\/v2\/posts\/88342\/revisions"}],"predecessor-version":[{"id":88344,"href":"https:\/\/sertv.gob.pa\/nacionalfm\/wp-json\/wp\/v2\/posts\/88342\/revisions\/88344"}],"wp:featuredmedia":[{"embeddable":true,"href":"https:\/\/sertv.gob.pa\/nacionalfm\/wp-json\/wp\/v2\/media\/88343"}],"wp:attachment":[{"href":"https:\/\/sertv.gob.pa\/nacionalfm\/wp-json\/wp\/v2\/media?parent=88342"}],"wp:term":[{"taxonomy":"category","embeddable":true,"href":"https:\/\/sertv.gob.pa\/nacionalfm\/wp-json\/wp\/v2\/categories?post=88342"},{"taxonomy":"post_tag","embeddable":true,"href":"https:\/\/sertv.gob.pa\/nacionalfm\/wp-json\/wp\/v2\/tags?post=88342"}],"curies":[{"name":"wp","href":"https:\/\/api.w.org\/{rel}","templated":true}]}}