{"id":88398,"date":"2022-10-14T18:43:17","date_gmt":"2022-10-14T18:43:17","guid":{"rendered":"https:\/\/sertv.gob.pa\/nacionalfm\/?p=88398"},"modified":"2022-10-14T18:43:17","modified_gmt":"2022-10-14T18:43:17","slug":"comienza-en-malta-el-juicio-contra-los-dos-hermanos-acusados-del-asesinato-de-la-periodista-caruana-galizia","status":"publish","type":"post","link":"https:\/\/sertv.gob.pa\/nacionalfm\/comienza-en-malta-el-juicio-contra-los-dos-hermanos-acusados-del-asesinato-de-la-periodista-caruana-galizia\/","title":{"rendered":"Comienza en Malta el juicio contra los dos hermanos acusados del asesinato de la periodista Caruana Galizia"},"content":{"rendered":"<p><strong><em>MADRID, (EUROPA PRESS) &#8211;<\/em><\/strong><\/p>\n<p>&nbsp;<\/p>\n<p>El juicio contra los hermanos George y Alfred Degiorgio, principales sospechosos del asesinato de la periodista de investigaci\u00f3n maltesa Daphne Caruana Galizia ha comenzado este viernes en el pa\u00eds.<\/p>\n<p>Casi cinco a\u00f1os despu\u00e9s de que Galizia perdiera la vida tras sufrir un atentado con coche bomba, los acusados se enfrentan a una posible pena de cadena perpetua en caso de ser hallados culpables de planear y detonar la carga explosiva aquel 16 de octubre de 2017.<\/p>\n<p>Ambos ser\u00e1n juzgados por un jurado formado por nueve personas elegidas durante la jornada. Los dos hermanos llevan bajo custodia policial desde que fueron detenidos en diciembre de 2017, seg\u00fan informaciones del diario &#8216;Times of Malta&#8217;.<\/p>\n<p>Un tercer hombre arrestado e imputado por el mismo caso, Vince Muscat, se ha declarado culpable y ha estado colaborando con los fiscales. Actualmente se encuentra cumpliendo una condena de 15 de prisi\u00f3n.<\/p>\n<p>Galizia era una influyente periodista que escrib\u00eda regularmente sobre corrupci\u00f3n. Estaba trabajando en una grave filtraci\u00f3n de datos relacionados con un proyecto para la construcci\u00f3n de una central el\u00e9ctrica cuando fue asesinada.<\/p>\n<p>La Fiscal\u00eda ha acusado a los tres hombres de colocar la bomba bajo el asiento del conductor del coche de Galizia y de detonar la carga posteriormente desde una embarcaci\u00f3n. No obstante, ha sido el millonario Yorgen Fenech el acusado de idear el asesinato.<\/p>\n<p>Los cargos impuestos contra \u00e9l se basan en el testimonio de un taxista, Melvin Theuma, que habr\u00eda servido de intermediario entre Fenech y los hermanos Degiorgio. Theuma ha sido exonerado a cambio de sus declaraciones, mientras que Fenech ha negado todos los cargos imputados.<\/p>\n<p>&nbsp;<\/p>\n<p>Fuente: EUROPA PRESS<\/p>\n","protected":false},"excerpt":{"rendered":"<p>MADRID, (EUROPA PRESS) &#8211; &nbsp; El juicio contra los hermanos <a href=\"https:\/\/sertv.gob.pa\/nacionalfm\/comienza-en-malta-el-juicio-contra-los-dos-hermanos-acusados-del-asesinato-de-la-periodista-caruana-galizia\/\"> [&#8230;]<\/a><\/p>\n","protected":false},"author":9,"featured_media":88399,"comment_status":"closed","ping_status":"closed","sticky":false,"template":"","format":"standard","meta":{"footnotes":""},"categories":[3],"tags":[],"class_list":["post-88398","post","type-post","status-publish","format-standard","has-post-thumbnail","hentry","category-internacionales"],"_links":{"self":[{"href":"https:\/\/sertv.gob.pa\/nacionalfm\/wp-json\/wp\/v2\/posts\/88398","targetHints":{"allow":["GET"]}}],"collection":[{"href":"https:\/\/sertv.gob.pa\/nacionalfm\/wp-json\/wp\/v2\/posts"}],"about":[{"href":"https:\/\/sertv.gob.pa\/nacionalfm\/wp-json\/wp\/v2\/types\/post"}],"author":[{"embeddable":true,"href":"https:\/\/sertv.gob.pa\/nacionalfm\/wp-json\/wp\/v2\/users\/9"}],"replies":[{"embeddable":true,"href":"https:\/\/sertv.gob.pa\/nacionalfm\/wp-json\/wp\/v2\/comments?post=88398"}],"version-history":[{"count":1,"href":"https:\/\/sertv.gob.pa\/nacionalfm\/wp-json\/wp\/v2\/posts\/88398\/revisions"}],"predecessor-version":[{"id":88401,"href":"https:\/\/sertv.gob.pa\/nacionalfm\/wp-json\/wp\/v2\/posts\/88398\/revisions\/88401"}],"wp:featuredmedia":[{"embeddable":true,"href":"https:\/\/sertv.gob.pa\/nacionalfm\/wp-json\/wp\/v2\/media\/88399"}],"wp:attachment":[{"href":"https:\/\/sertv.gob.pa\/nacionalfm\/wp-json\/wp\/v2\/media?parent=88398"}],"wp:term":[{"taxonomy":"category","embeddable":true,"href":"https:\/\/sertv.gob.pa\/nacionalfm\/wp-json\/wp\/v2\/categories?post=88398"},{"taxonomy":"post_tag","embeddable":true,"href":"https:\/\/sertv.gob.pa\/nacionalfm\/wp-json\/wp\/v2\/tags?post=88398"}],"curies":[{"name":"wp","href":"https:\/\/api.w.org\/{rel}","templated":true}]}}