{"id":88524,"date":"2022-10-18T20:30:03","date_gmt":"2022-10-18T20:30:03","guid":{"rendered":"https:\/\/sertv.gob.pa\/nacionalfm\/?p=88524"},"modified":"2022-10-18T20:30:03","modified_gmt":"2022-10-18T20:30:03","slug":"culminan-las-labores-de-rescate-en-el-edificio-ruso-afectado-por-la-colision-de-un-caza","status":"publish","type":"post","link":"https:\/\/sertv.gob.pa\/nacionalfm\/culminan-las-labores-de-rescate-en-el-edificio-ruso-afectado-por-la-colision-de-un-caza\/","title":{"rendered":"Culminan las labores de rescate en el edificio ruso afectado por la colisi\u00f3n de un caza"},"content":{"rendered":"<p>Las autoridades rusas elevan a 14 la cifra de fallecidos<\/p>\n<p><strong><em>\u00a0<\/em><\/strong><\/p>\n<p><strong><em>MADRID, (EUROPA PRESS) &#8211;<\/em><\/strong><\/p>\n<p>El gobernador del territorio de Krasnodar, Veniamin Kondratiev, ha confirmado el fin de las labores de rescate en la ciudad de Yeisk, donde un caza ruso se estrell\u00f3 el lunes por accidente contra un edificio residencial.<\/p>\n<p>De esta forma, Rusia da por concluidas las labores de rescate cuando el \u00faltimo balance eleva a 14 las personas fallecidas en el incidente, que tambi\u00e9n ha dejado un total de 19 heridos, cuatro de ellos en estado grave.<\/p>\n<p>El gobernador de Krasnodar ha agradecido a los integrantes de los equipos de emergencias por el \u00abexitoso\u00bb operativo, y ha apuntado que los esfuerzos ahora se centran en estudiar las condiciones del inmueble para evitar que tenga que ser derruido.<\/p>\n<p>\u00abAhora estamos hablando de la restauraci\u00f3n de la casa, y no de demolici\u00f3n, no desmantelamiento, no se est\u00e1 considerando nada de eso\u00bb, ha asegurado Kondratiev, seg\u00fan se\u00f1ala la agencia rusa de noticias TASS.<\/p>\n<p>\u00abSeg\u00fan las estimaciones, puede llevar unos cinco meses para restaurar esta parte de la casa. Los residentes podr\u00e1n permanecer en centros de alojamiento temporal todo el tiempo necesario\u00bb, ha confirmado el gobernador.<\/p>\n<p>En la noche del 17 de octubre, un caza colision\u00f3 en una zona residencial de Yeisk. El Ministerio de Defensa indic\u00f3 que la causa del siniestro fue el fallo de uno de los motores de la aeronave al poco de despegar en un vuelo de entrenamiento. Estas mismas fuentes apuntaron que la tripulaci\u00f3n logr\u00f3 eyectarse a tiempo.<\/p>\n<p>&nbsp;<\/p>\n<p>Fuente: EUROPA PRESS<\/p>\n<p>&nbsp;<\/p>\n","protected":false},"excerpt":{"rendered":"<p>Las autoridades rusas elevan a 14 la cifra de fallecidos <a href=\"https:\/\/sertv.gob.pa\/nacionalfm\/culminan-las-labores-de-rescate-en-el-edificio-ruso-afectado-por-la-colision-de-un-caza\/\"> [&#8230;]<\/a><\/p>\n","protected":false},"author":9,"featured_media":88462,"comment_status":"closed","ping_status":"closed","sticky":false,"template":"","format":"standard","meta":{"footnotes":""},"categories":[3],"tags":[],"class_list":["post-88524","post","type-post","status-publish","format-standard","has-post-thumbnail","hentry","category-internacionales"],"_links":{"self":[{"href":"https:\/\/sertv.gob.pa\/nacionalfm\/wp-json\/wp\/v2\/posts\/88524","targetHints":{"allow":["GET"]}}],"collection":[{"href":"https:\/\/sertv.gob.pa\/nacionalfm\/wp-json\/wp\/v2\/posts"}],"about":[{"href":"https:\/\/sertv.gob.pa\/nacionalfm\/wp-json\/wp\/v2\/types\/post"}],"author":[{"embeddable":true,"href":"https:\/\/sertv.gob.pa\/nacionalfm\/wp-json\/wp\/v2\/users\/9"}],"replies":[{"embeddable":true,"href":"https:\/\/sertv.gob.pa\/nacionalfm\/wp-json\/wp\/v2\/comments?post=88524"}],"version-history":[{"count":1,"href":"https:\/\/sertv.gob.pa\/nacionalfm\/wp-json\/wp\/v2\/posts\/88524\/revisions"}],"predecessor-version":[{"id":88525,"href":"https:\/\/sertv.gob.pa\/nacionalfm\/wp-json\/wp\/v2\/posts\/88524\/revisions\/88525"}],"wp:featuredmedia":[{"embeddable":true,"href":"https:\/\/sertv.gob.pa\/nacionalfm\/wp-json\/wp\/v2\/media\/88462"}],"wp:attachment":[{"href":"https:\/\/sertv.gob.pa\/nacionalfm\/wp-json\/wp\/v2\/media?parent=88524"}],"wp:term":[{"taxonomy":"category","embeddable":true,"href":"https:\/\/sertv.gob.pa\/nacionalfm\/wp-json\/wp\/v2\/categories?post=88524"},{"taxonomy":"post_tag","embeddable":true,"href":"https:\/\/sertv.gob.pa\/nacionalfm\/wp-json\/wp\/v2\/tags?post=88524"}],"curies":[{"name":"wp","href":"https:\/\/api.w.org\/{rel}","templated":true}]}}