{"id":88526,"date":"2022-10-18T20:40:14","date_gmt":"2022-10-18T20:40:14","guid":{"rendered":"https:\/\/sertv.gob.pa\/nacionalfm\/?p=88526"},"modified":"2022-10-18T20:40:14","modified_gmt":"2022-10-18T20:40:14","slug":"hrw-pide-el-cese-de-deportaciones-y-expulsiones-de-haitianos-ante-el-recrudecimiento-del-brote-de-colera","status":"publish","type":"post","link":"https:\/\/sertv.gob.pa\/nacionalfm\/hrw-pide-el-cese-de-deportaciones-y-expulsiones-de-haitianos-ante-el-recrudecimiento-del-brote-de-colera\/","title":{"rendered":"HRW pide el cese de deportaciones y expulsiones de haitianos ante el recrudecimiento del brote de c\u00f3lera"},"content":{"rendered":"<p><strong><em>MADRID, (EUROPA PRESS) &#8211;<\/em><\/strong><\/p>\n<p>&nbsp;<\/p>\n<p>La ONG Human Rights Watch (HRW) ha pedido a la comunidad internacional que paralice las deportaciones y expulsiones de haitianos debido al empeoramiento de la situaci\u00f3n humanitaria en Hait\u00ed y la amenaza de un brote de c\u00f3lera que recuerda al de 2010, que se prolong\u00f3 durante m\u00e1s de ocho a\u00f1os y dej\u00f3 casi 10.000 fallecidos.<\/p>\n<p>\u00abLa comunidad internacional debe responder con urgencia a esta extremadamente grave amenaza para la salud y la vida, en particular para los ni\u00f1os peque\u00f1os y otras personas vulnerables\u00bb, ha pedido el investigador para las Am\u00e9ricas de HRW, C\u00e9sar Mu\u00f1oz.<\/p>\n<p>La sucesi\u00f3n de crisis en que vive sumido a Hait\u00ed ha llevado a que la ONU detecte por primera vez en este pa\u00eds a personas en el peor nivel de inseguridad alimentaria, catalogado de \u00abcatastr\u00f3fico\u00bb y que, extendido en el tiempo, puede llevar a la declaraci\u00f3n de hambruna en un determinado territorio.<\/p>\n<p>El Fondo de Naciones Unidas para la Infancia (UNICEF) ha alertado de que ya hay unos 100.000 ni\u00f1os con desnutrici\u00f3n aguda grave y ha expresado una especial preocupaci\u00f3n por unos 8.000 menores de cinco a\u00f1os de Cit\u00e9 Soleil, debido a la \u00abamenaza combinada\u00bb del hambre y el c\u00f3lera.<\/p>\n<p>Desde que se confirm\u00f3 el primer caso de c\u00f3lera el pasado 2 de octubre de 2022, el brote se ha extendido r\u00e1pidamente y hay ya m\u00e1s de 800 casos sospechosos, siendo una cuarta parte de ellos de ni\u00f1os menores de nueve a\u00f1os, mientras que hay al menos 78 positivos confirmados.<\/p>\n<p>\u00abLos ni\u00f1os peque\u00f1os son particularmente vulnerables a la enfermedad y pueden morir muy r\u00e1pidamente si no reciben tratamiento\u00bb, ha advertido este martes Mumuza Muhindo, responsable en Hait\u00ed de la ONG M\u00e9dicos sin Fronteras (MSF), que opera en Puerto Pr\u00edncipe, la capital.<\/p>\n<p>Muhindo ha alertado de que los casos se est\u00e1n extendiendo desde las \u00e1reas centrales de la capital y \u00abaumentan cada d\u00eda\u00bb, por lo que HRW ha instado a la comunidad internacional a que responda \u00abcon urgencia\u00bb para evitar que se produzcan p\u00e9rdidas de vidas.<\/p>\n<p>En este sentido, Human Rights Watch ha precisado que, pese a que distintas organizaciones internacionales y locales ya han comenzado a distribuir medicamentos y equipo a los hospitales, al tiempo que ya se trabaja para introducir vacunas contra el c\u00f3lera en Hait\u00ed, es necesario \u00abmucho m\u00e1s\u00bb para evitar \u00abun desastre sanitario\u00bb.<\/p>\n<p>\u00abPara hacer frente a la violencia de las pandillas, que es un impedimento para la entrega de ayuda, las autoridades deben garantizar que el sistema de justicia comience a funcionar nuevamente\u00bb, ha destacado la ONG ante la inseguridad que vive el pa\u00eds despu\u00e9s de registrarse ataques contra edificios de la Justicia haitiana.<\/p>\n<p>La detecci\u00f3n de c\u00f3lera en Hait\u00ed ha agitado el temor a una enfermedad prevenible pero potencialmente mortal. En un momento delicado en t\u00e9rminos pol\u00edticos, sociales y econ\u00f3micos, el pa\u00eds m\u00e1s pobre del hemisferio occidental trabaja ya contrarreloj para evitar una nueva epidemia como la que vivi\u00f3 entre 2010 y 2019.<\/p>\n<p>Una negligencia de los &#8216;cascos azules&#8217; de la ONU provoc\u00f3 en octubre de 2010 un brote de c\u00f3lera que no se extingui\u00f3 hasta ocho a\u00f1os y medio m\u00e1s tarde, con 820.000 casos y casi 10.000 muertes de por medio. Desde entonces, el Ministerio de Salud local y sus aliados internacionales trabajan para que, al menos, nunca m\u00e1s se llegue a este nivel.<\/p>\n<p>A los desaf\u00edos m\u00e9dicos se suman tambi\u00e9n los log\u00edsticos, ya que la violencia de grupos armados que afecta principalmente a la capital haitiana y sus alrededores hace que sea \u00abdif\u00edcil\u00bb acceder a ciertas zonas, seg\u00fan el primer informe de la OMS tras la confirmaci\u00f3n del brote.<\/p>\n<p>&nbsp;<\/p>\n<p>Fuente: EUROPA PRESS<\/p>\n<p>&nbsp;<\/p>\n","protected":false},"excerpt":{"rendered":"<p>MADRID, (EUROPA PRESS) &#8211; &nbsp; La ONG Human Rights Watch <a href=\"https:\/\/sertv.gob.pa\/nacionalfm\/hrw-pide-el-cese-de-deportaciones-y-expulsiones-de-haitianos-ante-el-recrudecimiento-del-brote-de-colera\/\"> [&#8230;]<\/a><\/p>\n","protected":false},"author":9,"featured_media":88527,"comment_status":"closed","ping_status":"closed","sticky":false,"template":"","format":"standard","meta":{"footnotes":""},"categories":[3],"tags":[],"class_list":["post-88526","post","type-post","status-publish","format-standard","has-post-thumbnail","hentry","category-internacionales"],"_links":{"self":[{"href":"https:\/\/sertv.gob.pa\/nacionalfm\/wp-json\/wp\/v2\/posts\/88526","targetHints":{"allow":["GET"]}}],"collection":[{"href":"https:\/\/sertv.gob.pa\/nacionalfm\/wp-json\/wp\/v2\/posts"}],"about":[{"href":"https:\/\/sertv.gob.pa\/nacionalfm\/wp-json\/wp\/v2\/types\/post"}],"author":[{"embeddable":true,"href":"https:\/\/sertv.gob.pa\/nacionalfm\/wp-json\/wp\/v2\/users\/9"}],"replies":[{"embeddable":true,"href":"https:\/\/sertv.gob.pa\/nacionalfm\/wp-json\/wp\/v2\/comments?post=88526"}],"version-history":[{"count":1,"href":"https:\/\/sertv.gob.pa\/nacionalfm\/wp-json\/wp\/v2\/posts\/88526\/revisions"}],"predecessor-version":[{"id":88528,"href":"https:\/\/sertv.gob.pa\/nacionalfm\/wp-json\/wp\/v2\/posts\/88526\/revisions\/88528"}],"wp:featuredmedia":[{"embeddable":true,"href":"https:\/\/sertv.gob.pa\/nacionalfm\/wp-json\/wp\/v2\/media\/88527"}],"wp:attachment":[{"href":"https:\/\/sertv.gob.pa\/nacionalfm\/wp-json\/wp\/v2\/media?parent=88526"}],"wp:term":[{"taxonomy":"category","embeddable":true,"href":"https:\/\/sertv.gob.pa\/nacionalfm\/wp-json\/wp\/v2\/categories?post=88526"},{"taxonomy":"post_tag","embeddable":true,"href":"https:\/\/sertv.gob.pa\/nacionalfm\/wp-json\/wp\/v2\/tags?post=88526"}],"curies":[{"name":"wp","href":"https:\/\/api.w.org\/{rel}","templated":true}]}}