{"id":88569,"date":"2022-10-19T20:20:58","date_gmt":"2022-10-19T20:20:58","guid":{"rendered":"https:\/\/sertv.gob.pa\/nacionalfm\/?p=88569"},"modified":"2022-10-19T20:20:58","modified_gmt":"2022-10-19T20:20:58","slug":"ucrania-corta-el-suministro-electrico-tras-los-numerosos-ataques-rusos-contra-sus-infraestructuras-energeticas","status":"publish","type":"post","link":"https:\/\/sertv.gob.pa\/nacionalfm\/ucrania-corta-el-suministro-electrico-tras-los-numerosos-ataques-rusos-contra-sus-infraestructuras-energeticas\/","title":{"rendered":"Ucrania corta el suministro el\u00e9ctrico tras los numerosos ataques rusos contra sus infraestructuras energ\u00e9ticas"},"content":{"rendered":"<p><strong><em>MADRID, (EUROPA PRESS) &#8211;<\/em><\/strong><\/p>\n<p>&nbsp;<\/p>\n<p>Las autoridades de Ucrania se han visto obligadas a programar cortes temporales del suministro el\u00e9ctrico en el conjunto del pa\u00eds tras los recientes ataques de las Fuerzas Armadas rusas contra las infraestructuras energ\u00e9ticas ucranianas.<\/p>\n<p>El subjefe de la Oficina de la Presidencia de Ucrania, Kirilo Timoshenko, ha informado de que la decisi\u00f3n es fruto de una reuni\u00f3n con representantes del Ministerio de Energ\u00eda y los gobernadores regionales, seg\u00fan informa la agencia Ukrinform.<\/p>\n<p>\u00abMe dirijo a toda la poblaci\u00f3n de Ucrania. Ma\u00f1ana es un d\u00eda muy dif\u00edcil en relaci\u00f3n con los bombardeos que han tenido lugar hoy, ayer y anteayer contra las instalaciones energ\u00e9ticas\u00bb, ha dicho Timoshenko, que ha pedido limitar el uso de energ\u00eda desde las 7.00 hasta las 23.00 horas.<\/p>\n<p>Por otro lado, el asesor del Ministerio de Energ\u00eda, Oleksander Jarchenko, ha reconocido que el pa\u00eds ha perdido al menos el 40 por ciento de la capacidad de generaci\u00f3n de energ\u00eda tras varios d\u00edas de devastadores ataques con misiles y drones.<\/p>\n<p>\u00abEl trabajo de restauraci\u00f3n y reparaci\u00f3n est\u00e1 en curso, pero los milagros solo son posibles hasta cierto punto\u00bb, ha se\u00f1alado Jarchenko en un comunicado. \u00abDebemos esperar no solo cortes de emergencia sino tambi\u00e9n (cortes) programados para no sobrecargar la red\u00bb, ha a\u00f1adido.<\/p>\n<p>&nbsp;<\/p>\n<p>Fuente: EUROPA PRESS<\/p>\n<p>&nbsp;<\/p>\n<p>&nbsp;<\/p>\n","protected":false},"excerpt":{"rendered":"<p>MADRID, (EUROPA PRESS) &#8211; &nbsp; Las autoridades de Ucrania se <a href=\"https:\/\/sertv.gob.pa\/nacionalfm\/ucrania-corta-el-suministro-electrico-tras-los-numerosos-ataques-rusos-contra-sus-infraestructuras-energeticas\/\"> [&#8230;]<\/a><\/p>\n","protected":false},"author":9,"featured_media":88570,"comment_status":"closed","ping_status":"closed","sticky":false,"template":"","format":"standard","meta":{"footnotes":""},"categories":[3],"tags":[],"class_list":["post-88569","post","type-post","status-publish","format-standard","has-post-thumbnail","hentry","category-internacionales"],"_links":{"self":[{"href":"https:\/\/sertv.gob.pa\/nacionalfm\/wp-json\/wp\/v2\/posts\/88569","targetHints":{"allow":["GET"]}}],"collection":[{"href":"https:\/\/sertv.gob.pa\/nacionalfm\/wp-json\/wp\/v2\/posts"}],"about":[{"href":"https:\/\/sertv.gob.pa\/nacionalfm\/wp-json\/wp\/v2\/types\/post"}],"author":[{"embeddable":true,"href":"https:\/\/sertv.gob.pa\/nacionalfm\/wp-json\/wp\/v2\/users\/9"}],"replies":[{"embeddable":true,"href":"https:\/\/sertv.gob.pa\/nacionalfm\/wp-json\/wp\/v2\/comments?post=88569"}],"version-history":[{"count":1,"href":"https:\/\/sertv.gob.pa\/nacionalfm\/wp-json\/wp\/v2\/posts\/88569\/revisions"}],"predecessor-version":[{"id":88571,"href":"https:\/\/sertv.gob.pa\/nacionalfm\/wp-json\/wp\/v2\/posts\/88569\/revisions\/88571"}],"wp:featuredmedia":[{"embeddable":true,"href":"https:\/\/sertv.gob.pa\/nacionalfm\/wp-json\/wp\/v2\/media\/88570"}],"wp:attachment":[{"href":"https:\/\/sertv.gob.pa\/nacionalfm\/wp-json\/wp\/v2\/media?parent=88569"}],"wp:term":[{"taxonomy":"category","embeddable":true,"href":"https:\/\/sertv.gob.pa\/nacionalfm\/wp-json\/wp\/v2\/categories?post=88569"},{"taxonomy":"post_tag","embeddable":true,"href":"https:\/\/sertv.gob.pa\/nacionalfm\/wp-json\/wp\/v2\/tags?post=88569"}],"curies":[{"name":"wp","href":"https:\/\/api.w.org\/{rel}","templated":true}]}}