{"id":88612,"date":"2022-10-20T20:29:44","date_gmt":"2022-10-20T20:29:44","guid":{"rendered":"https:\/\/sertv.gob.pa\/nacionalfm\/?p=88612"},"modified":"2022-10-20T20:29:44","modified_gmt":"2022-10-20T20:29:44","slug":"liz-truss-anuncia-su-dimision-como-primera-ministra-de-reino-unido","status":"publish","type":"post","link":"https:\/\/sertv.gob.pa\/nacionalfm\/liz-truss-anuncia-su-dimision-como-primera-ministra-de-reino-unido\/","title":{"rendered":"Liz Truss anuncia su dimisi\u00f3n como primera ministra de Reino Unido"},"content":{"rendered":"<p><strong><em>MADRID, (EUROPA PRESS) &#8211;<\/em><\/strong><\/p>\n<p>&nbsp;<\/p>\n<p>La primera ministra de Reino Unido, Liz Truss, ha anunciado su dimisi\u00f3n, que ya ha notificado al rey Carlos III, aunque permanecer\u00e1 al frente del Gobierno hasta que se elija a un sustituto. \u00abEs la mejor decisi\u00f3n para mantener a Reino Unido en una condici\u00f3n econ\u00f3mica estable\u00bb, ha dicho en una declaraci\u00f3n ante Downing Street.<\/p>\n<p>Truss ha vivido una \u00faltima jornada \u00abdif\u00edcil\u00bb, como han admitido fuentes de Downing Street a los principales medios. Al menos 17 diputados han pedido que dimita por el caos pol\u00edtico de estas semanas, marcado por el desmantelamiento pr\u00e1cticamente total del programa fiscal que anunci\u00f3 el Ejecutivo en septiembre, seg\u00fan el recuento de Sky News.<\/p>\n<p>Antes de comparecer ante los medios, la &#8216;premier&#8217; se ha reunido en Downing Street con su n\u00famero dos, Therese Coffey, considerada su principal aliada dentro del Gobierno, y tambi\u00e9n con el responsable del comit\u00e9 &#8216;tory&#8217; que puede promover una moci\u00f3n de censura contra ella, Graham Brady.<\/p>\n<p>&nbsp;<\/p>\n<p>Fuente: EUROPA PRESS<\/p>\n","protected":false},"excerpt":{"rendered":"<p>MADRID, (EUROPA PRESS) &#8211; &nbsp; La primera ministra de Reino <a href=\"https:\/\/sertv.gob.pa\/nacionalfm\/liz-truss-anuncia-su-dimision-como-primera-ministra-de-reino-unido\/\"> [&#8230;]<\/a><\/p>\n","protected":false},"author":9,"featured_media":88613,"comment_status":"closed","ping_status":"closed","sticky":false,"template":"","format":"standard","meta":{"footnotes":""},"categories":[3],"tags":[],"class_list":["post-88612","post","type-post","status-publish","format-standard","has-post-thumbnail","hentry","category-internacionales"],"_links":{"self":[{"href":"https:\/\/sertv.gob.pa\/nacionalfm\/wp-json\/wp\/v2\/posts\/88612","targetHints":{"allow":["GET"]}}],"collection":[{"href":"https:\/\/sertv.gob.pa\/nacionalfm\/wp-json\/wp\/v2\/posts"}],"about":[{"href":"https:\/\/sertv.gob.pa\/nacionalfm\/wp-json\/wp\/v2\/types\/post"}],"author":[{"embeddable":true,"href":"https:\/\/sertv.gob.pa\/nacionalfm\/wp-json\/wp\/v2\/users\/9"}],"replies":[{"embeddable":true,"href":"https:\/\/sertv.gob.pa\/nacionalfm\/wp-json\/wp\/v2\/comments?post=88612"}],"version-history":[{"count":1,"href":"https:\/\/sertv.gob.pa\/nacionalfm\/wp-json\/wp\/v2\/posts\/88612\/revisions"}],"predecessor-version":[{"id":88614,"href":"https:\/\/sertv.gob.pa\/nacionalfm\/wp-json\/wp\/v2\/posts\/88612\/revisions\/88614"}],"wp:featuredmedia":[{"embeddable":true,"href":"https:\/\/sertv.gob.pa\/nacionalfm\/wp-json\/wp\/v2\/media\/88613"}],"wp:attachment":[{"href":"https:\/\/sertv.gob.pa\/nacionalfm\/wp-json\/wp\/v2\/media?parent=88612"}],"wp:term":[{"taxonomy":"category","embeddable":true,"href":"https:\/\/sertv.gob.pa\/nacionalfm\/wp-json\/wp\/v2\/categories?post=88612"},{"taxonomy":"post_tag","embeddable":true,"href":"https:\/\/sertv.gob.pa\/nacionalfm\/wp-json\/wp\/v2\/tags?post=88612"}],"curies":[{"name":"wp","href":"https:\/\/api.w.org\/{rel}","templated":true}]}}