{"id":88615,"date":"2022-10-20T20:38:49","date_gmt":"2022-10-20T20:38:49","guid":{"rendered":"https:\/\/sertv.gob.pa\/nacionalfm\/?p=88615"},"modified":"2022-10-20T20:38:49","modified_gmt":"2022-10-20T20:38:49","slug":"republica-dominicana-confirma-un-primer-caso-importado-de-colera","status":"publish","type":"post","link":"https:\/\/sertv.gob.pa\/nacionalfm\/republica-dominicana-confirma-un-primer-caso-importado-de-colera\/","title":{"rendered":"Rep\u00fablica Dominicana confirma un primer caso importado de c\u00f3lera"},"content":{"rendered":"<p><strong><em>MADRID, (EUROPA PRESS) &#8211;<\/em><\/strong><\/p>\n<p>&nbsp;<\/p>\n<p>El Ministerio de Salud de Rep\u00fablica Dominicana ha confirmado este jueves un primer caso importado de c\u00f3lera en una mujer de 32 a\u00f1os que hab\u00eda viajado esta semana desde el pa\u00eds vecino, Hait\u00ed, donde a comienzos de mes se confirm\u00f3 un nuevo brote de la enfermedad.<\/p>\n<p>De acuerdo con las informaciones ofrecidas por las autoridades sanitarias, la mujer contagiada hab\u00eda viajado desde la capital de Hait\u00ed, Puerto Pr\u00edncipe, hasta la provincia de La Altagracia, ubicada en el este de Rep\u00fablica Dominicana, recoge &#8216;List\u00edn Diario&#8217;.<\/p>\n<p>Desde Sanidad se ha detallado que la paciente presenta un cuadro diarreico agudo, \u00abcolitis amebiana, una pielonefritis aguda e insuficiencia renal preexistente\u00bb, s\u00edntomas con los que ha sido ingresada en un hospital de la provincia, donde est\u00e1 recibiendo ahora los cuidados necesarios.<\/p>\n<p>El Ministerio de Salud ha especificado en su comunicado que las autoridades competentes han cumplido con el protocolo establecido para estos casos, identificando r\u00e1pidamente el positivo y contactando con las personas con las que la paciente hab\u00eda podido tener contacto.<\/p>\n<p>Este es el primer caso confirmado en Rep\u00fablica Dominicana desde que Hait\u00ed, pa\u00eds con el que comparte la isla La Espa\u00f1ola, informase a comienzos de mes de un nuevo brote de c\u00f3lera, agitando el temor a una enfermedad prevenible pero potencialmente mortal.<\/p>\n<p>Una negligencia de los &#8216;cascos azules&#8217; de la ONU provoc\u00f3 en octubre de 2010 un brote de c\u00f3lera que no se extingui\u00f3 hasta ocho a\u00f1os y medio m\u00e1s tarde, con 820.000 casos y casi 10.000 muertes de por medio. Desde entonces, el Ministerio de Salud local y sus aliados internacionales trabajan para que, al menos, nunca m\u00e1s se llegue a este nivel.<\/p>\n<p>&nbsp;<\/p>\n<p>Fuente: EUROPA PRESS<\/p>\n","protected":false},"excerpt":{"rendered":"<p>MADRID, (EUROPA PRESS) &#8211; &nbsp; El Ministerio de Salud de <a href=\"https:\/\/sertv.gob.pa\/nacionalfm\/republica-dominicana-confirma-un-primer-caso-importado-de-colera\/\"> [&#8230;]<\/a><\/p>\n","protected":false},"author":9,"featured_media":88616,"comment_status":"closed","ping_status":"closed","sticky":false,"template":"","format":"standard","meta":{"footnotes":""},"categories":[3],"tags":[],"class_list":["post-88615","post","type-post","status-publish","format-standard","has-post-thumbnail","hentry","category-internacionales"],"_links":{"self":[{"href":"https:\/\/sertv.gob.pa\/nacionalfm\/wp-json\/wp\/v2\/posts\/88615","targetHints":{"allow":["GET"]}}],"collection":[{"href":"https:\/\/sertv.gob.pa\/nacionalfm\/wp-json\/wp\/v2\/posts"}],"about":[{"href":"https:\/\/sertv.gob.pa\/nacionalfm\/wp-json\/wp\/v2\/types\/post"}],"author":[{"embeddable":true,"href":"https:\/\/sertv.gob.pa\/nacionalfm\/wp-json\/wp\/v2\/users\/9"}],"replies":[{"embeddable":true,"href":"https:\/\/sertv.gob.pa\/nacionalfm\/wp-json\/wp\/v2\/comments?post=88615"}],"version-history":[{"count":1,"href":"https:\/\/sertv.gob.pa\/nacionalfm\/wp-json\/wp\/v2\/posts\/88615\/revisions"}],"predecessor-version":[{"id":88617,"href":"https:\/\/sertv.gob.pa\/nacionalfm\/wp-json\/wp\/v2\/posts\/88615\/revisions\/88617"}],"wp:featuredmedia":[{"embeddable":true,"href":"https:\/\/sertv.gob.pa\/nacionalfm\/wp-json\/wp\/v2\/media\/88616"}],"wp:attachment":[{"href":"https:\/\/sertv.gob.pa\/nacionalfm\/wp-json\/wp\/v2\/media?parent=88615"}],"wp:term":[{"taxonomy":"category","embeddable":true,"href":"https:\/\/sertv.gob.pa\/nacionalfm\/wp-json\/wp\/v2\/categories?post=88615"},{"taxonomy":"post_tag","embeddable":true,"href":"https:\/\/sertv.gob.pa\/nacionalfm\/wp-json\/wp\/v2\/tags?post=88615"}],"curies":[{"name":"wp","href":"https:\/\/api.w.org\/{rel}","templated":true}]}}