{"id":8865,"date":"2015-11-20T16:00:35","date_gmt":"2015-11-20T16:00:35","guid":{"rendered":""},"modified":"2015-11-20T16:00:35","modified_gmt":"2015-11-20T16:00:35","slug":"nuevo-caso-de-ebola-en-liberia","status":"publish","type":"post","link":"https:\/\/sertv.gob.pa\/nacionalfm\/nuevo-caso-de-ebola-en-liberia\/","title":{"rendered":"Nuevo caso de \u00e9bola en Liberia"},"content":{"rendered":"<p>\nLa Organizaci\u00f3n Mundial de la Salud (OMS) confirm\u00f3 hoy un nuevo caso de  \u00e9bola \u00a0detectado en Liberia, pa\u00eds que el pasado septiembre fue declarado -por segunda vez- libre de esta enfermedad. <\/p>\n<p>Se trata de un ni\u00f1o de diez a\u00f1os que enferm\u00f3 hace una semana y que fue confirmado ayer como un caso de \u00e9bola luego de que los ex\u00e1menes de laboratorio dieran positivo, aunque a\u00fan no se ha descubierto c\u00f3mo result\u00f3 contagiado. <\/p>\n<p>El director ejecutivo de la OMS para emergencias sanitarias,  Bruce Aylward , expres\u00f3 que por el momento no hay rastros de que el menor haya tenido contacto con alguien que hubiese enfermado de \u00e9bola en el pasado, que haya viajado o asistido a un funeral de alg\u00fan fallecido por esta misma enfermedad. <\/p>\n<p>Sus padres est\u00e1n en observaci\u00f3n y dos de sus hermanos parecen desde hace dos d\u00edas estar enfermos. Sobre este nuevo caso, el responsable record\u00f3 que los expertos anticipaban el resurgimiento de esta enfermedad \u00abprobablemente por un virus persistente en un individuo convaleciente\u00bb. <\/p>\n<p>\u00a0 <\/p>\n","protected":false},"excerpt":{"rendered":"<p>La Organizaci\u00f3n Mundial de la Salud (OMS) confirm\u00f3 hoy un <a href=\"https:\/\/sertv.gob.pa\/nacionalfm\/nuevo-caso-de-ebola-en-liberia\/\"> [&#8230;]<\/a><\/p>\n","protected":false},"author":1,"featured_media":8866,"comment_status":"closed","ping_status":"closed","sticky":false,"template":"","format":"standard","meta":{"footnotes":""},"categories":[5],"tags":[],"class_list":["post-8865","post","type-post","status-publish","format-standard","has-post-thumbnail","hentry","category-salud"],"_links":{"self":[{"href":"https:\/\/sertv.gob.pa\/nacionalfm\/wp-json\/wp\/v2\/posts\/8865","targetHints":{"allow":["GET"]}}],"collection":[{"href":"https:\/\/sertv.gob.pa\/nacionalfm\/wp-json\/wp\/v2\/posts"}],"about":[{"href":"https:\/\/sertv.gob.pa\/nacionalfm\/wp-json\/wp\/v2\/types\/post"}],"author":[{"embeddable":true,"href":"https:\/\/sertv.gob.pa\/nacionalfm\/wp-json\/wp\/v2\/users\/1"}],"replies":[{"embeddable":true,"href":"https:\/\/sertv.gob.pa\/nacionalfm\/wp-json\/wp\/v2\/comments?post=8865"}],"version-history":[{"count":0,"href":"https:\/\/sertv.gob.pa\/nacionalfm\/wp-json\/wp\/v2\/posts\/8865\/revisions"}],"wp:featuredmedia":[{"embeddable":true,"href":"https:\/\/sertv.gob.pa\/nacionalfm\/wp-json\/wp\/v2\/media\/8866"}],"wp:attachment":[{"href":"https:\/\/sertv.gob.pa\/nacionalfm\/wp-json\/wp\/v2\/media?parent=8865"}],"wp:term":[{"taxonomy":"category","embeddable":true,"href":"https:\/\/sertv.gob.pa\/nacionalfm\/wp-json\/wp\/v2\/categories?post=8865"},{"taxonomy":"post_tag","embeddable":true,"href":"https:\/\/sertv.gob.pa\/nacionalfm\/wp-json\/wp\/v2\/tags?post=8865"}],"curies":[{"name":"wp","href":"https:\/\/api.w.org\/{rel}","templated":true}]}}